{"id":71738,"date":"2025-12-23T11:03:57","date_gmt":"2025-12-23T03:03:57","guid":{"rendered":"https:\/\/www.maysunsolar.com\/?p=71738"},"modified":"2025-12-23T16:34:12","modified_gmt":"2025-12-23T08:34:12","slug":"hluk-fotovoltaicke-elektrarny-zdroje-a-reseni","status":"publish","type":"post","link":"https:\/\/www.maysunsolar.com\/cs\/hluk-fotovoltaicke-elektrarny-zdroje-a-reseni\/","title":{"rendered":"Vytv\u00e1\u0159\u00ed fotovoltaick\u00e1 elektr\u00e1rna hlukov\u00e9 zne\u010di\u0161t\u011bn\u00ed?"},"content":{"rendered":"\t\t<div data-elementor-type=\"wp-post\" data-elementor-id=\"71738\" class=\"elementor elementor-71738 elementor-15907\" data-elementor-post-type=\"post\">\n\t\t\t\t\t\t<section class=\"elementor-section elementor-top-section elementor-element elementor-element-737ef20 elementor-section-boxed elementor-section-height-default elementor-section-height-default\" data-id=\"737ef20\" data-element_type=\"section\" data-e-type=\"section\">\n\t\t\t\t\t\t<div class=\"elementor-container elementor-column-gap-default\">\n\t\t\t\t\t<div class=\"elementor-column elementor-col-100 elementor-top-column elementor-element elementor-element-c44b074\" data-id=\"c44b074\" data-element_type=\"column\" data-e-type=\"column\">\n\t\t\t<div class=\"elementor-widget-wrap elementor-element-populated\">\n\t\t\t\t\t\t<div class=\"elementor-element elementor-element-e216dd6 elementor-widget elementor-widget-text-editor\" data-id=\"e216dd6\" data-element_type=\"widget\" data-e-type=\"widget\" data-widget_type=\"text-editor.default\">\n\t\t\t\t<div class=\"elementor-widget-container\">\n\t\t\t\t\t\t\t\t\t<p>Ve v\u011bt\u0161in\u011b p\u0159\u00edpad\u016f fotovoltaick\u00e1 elektr\u00e1rna nevytv\u00e1\u0159\u00ed v\u00fdrazn\u00fd hluk. Vn\u00edmateln\u00e9 zvuky souvisej\u00ed p\u0159edev\u0161\u00edm s konstrukc\u00ed syst\u00e9mu, uspo\u0159\u00e1d\u00e1n\u00edm technologi\u00ed a provozn\u00edmi podm\u00ednkami. Pokud jsou zdroje hluku ji\u017e ve f\u00e1zi pl\u00e1nov\u00e1n\u00ed projektu spr\u00e1vn\u011b \u0159\u00edzeny a provoz odpov\u00edd\u00e1 m\u00edstn\u00edm pr\u00e1vn\u00edm po\u017eadavk\u016fm, m\u016f\u017ee se fotovoltaick\u00e1 elektr\u00e1rna obvykle dob\u0159e sladit s okoln\u00edm prost\u0159ed\u00edm.<\/p>\t\t\t\t\t\t\t\t<\/div>\n\t\t\t\t<\/div>\n\t\t\t\t\t<\/div>\n\t\t<\/div>\n\t\t\t\t\t<\/div>\n\t\t<\/section>\n\t\t\t\t<section class=\"elementor-section elementor-top-section elementor-element elementor-element-f0e0681 elementor-section-boxed elementor-section-height-default elementor-section-height-default\" data-id=\"f0e0681\" data-element_type=\"section\" data-e-type=\"section\">\n\t\t\t\t\t\t<div class=\"elementor-container elementor-column-gap-default\">\n\t\t\t\t\t<div class=\"elementor-column elementor-col-100 elementor-top-column elementor-element elementor-element-e0a30a2\" data-id=\"e0a30a2\" data-element_type=\"column\" data-e-type=\"column\">\n\t\t\t<div class=\"elementor-widget-wrap elementor-element-populated\">\n\t\t\t\t\t\t<div class=\"elementor-element elementor-element-86ee46c elementor-toc--minimized-on-tablet elementor-widget elementor-widget-table-of-contents\" data-id=\"86ee46c\" data-element_type=\"widget\" data-e-type=\"widget\" data-settings=\"{&quot;headings_by_tags&quot;:[&quot;h2&quot;],&quot;exclude_headings_by_selector&quot;:[],&quot;no_headings_message&quot;:&quot;No headings were found on this page.&quot;,&quot;marker_view&quot;:&quot;numbers&quot;,&quot;minimize_box&quot;:&quot;yes&quot;,&quot;minimized_on&quot;:&quot;tablet&quot;,&quot;hierarchical_view&quot;:&quot;yes&quot;,&quot;min_height&quot;:{&quot;unit&quot;:&quot;px&quot;,&quot;size&quot;:&quot;&quot;,&quot;sizes&quot;:[]},&quot;min_height_tablet&quot;:{&quot;unit&quot;:&quot;px&quot;,&quot;size&quot;:&quot;&quot;,&quot;sizes&quot;:[]},&quot;min_height_mobile&quot;:{&quot;unit&quot;:&quot;px&quot;,&quot;size&quot;:&quot;&quot;,&quot;sizes&quot;:[]}}\" data-widget_type=\"table-of-contents.default\">\n\t\t\t\t<div class=\"elementor-widget-container\">\n\t\t\t\t\t\t\t\t\t<div class=\"elementor-toc__header\">\n\t\t\t\t\t\t<h2 class=\"elementor-toc__header-title\">\n\t\t\t\tTable of Contents\t\t\t<\/h2>\n\t\t\t\t\t\t\t\t\t\t<div class=\"elementor-toc__toggle-button elementor-toc__toggle-button--expand\" role=\"button\" tabindex=\"0\" aria-controls=\"elementor-toc__86ee46c\" aria-expanded=\"true\" aria-label=\"Open table of contents\"><i aria-hidden=\"true\" class=\"fas fa-chevron-down\"><\/i><\/div>\n\t\t\t\t<div class=\"elementor-toc__toggle-button elementor-toc__toggle-button--collapse\" role=\"button\" tabindex=\"0\" aria-controls=\"elementor-toc__86ee46c\" aria-expanded=\"true\" aria-label=\"Close table of contents\"><i aria-hidden=\"true\" class=\"fas fa-chevron-up\"><\/i><\/div>\n\t\t\t\t\t<\/div>\n\t\t\t\t<div id=\"elementor-toc__86ee46c\" class=\"elementor-toc__body\">\n\t\t\t<div class=\"elementor-toc__spinner-container\">\n\t\t\t\t<i class=\"elementor-toc__spinner eicon-animation-spin eicon-loading\" aria-hidden=\"true\"><\/i>\t\t\t<\/div>\n\t\t<\/div>\n\t\t\t\t\t\t<\/div>\n\t\t\t\t<\/div>\n\t\t\t\t\t<\/div>\n\t\t<\/div>\n\t\t\t\t\t<\/div>\n\t\t<\/section>\n\t\t\t\t<section class=\"elementor-section elementor-top-section elementor-element elementor-element-0764b91 elementor-section-boxed elementor-section-height-default elementor-section-height-default\" data-id=\"0764b91\" data-element_type=\"section\" data-e-type=\"section\">\n\t\t\t\t\t\t<div class=\"elementor-container elementor-column-gap-default\">\n\t\t\t\t\t<div class=\"elementor-column elementor-col-100 elementor-top-column elementor-element elementor-element-3db7b4e\" data-id=\"3db7b4e\" data-element_type=\"column\" data-e-type=\"column\">\n\t\t\t<div class=\"elementor-widget-wrap elementor-element-populated\">\n\t\t\t\t\t\t<div class=\"elementor-element elementor-element-3eaa28c elementor-widget elementor-widget-text-editor\" data-id=\"3eaa28c\" data-element_type=\"widget\" data-e-type=\"widget\" data-widget_type=\"text-editor.default\">\n\t\t\t\t<div class=\"elementor-widget-container\">\n\t\t\t\t\t\t\t\t\t<h2 data-start=\"988\" data-end=\"1003\"><strong data-start=\"992\" data-end=\"1003\">\u00davod<\/strong><\/h2><p data-start=\"1004\" data-end=\"1287\">Ve v\u011bt\u0161in\u011b situac\u00ed fotovoltaick\u00e1 elektr\u00e1rna nezp\u016fsobuje trval\u00e9 ani v\u00fdrazn\u00e9 hlukov\u00e9 zne\u010di\u0161t\u011bn\u00ed.<br data-start=\"1098\" data-end=\"1101\" \/>Fotovoltaick\u00e1 elektr\u00e1rna je v\u00fdrobn\u00ed syst\u00e9m, kter\u00fd p\u0159em\u011b\u0148uje slune\u010dn\u00ed energii na elektrickou energii a dod\u00e1v\u00e1 ji do ve\u0159ejn\u00e9 s\u00edt\u011b. Vyu\u017e\u00edv\u00e1 se p\u0159edev\u0161\u00edm v komer\u010dn\u00edch a ve\u0159ejn\u00fdch projektech.<\/p><p data-start=\"1289\" data-end=\"1804\">Na rozd\u00edl od jin\u00fdch obnoviteln\u00fdch zdroj\u016f energie, jako je v\u011btrn\u00e1 energetika, nemaj\u00ed fotovoltaick\u00e9 syst\u00e9my p\u0159i provozu rychle se ot\u00e1\u010dej\u00edc\u00ed mechanick\u00e9 \u010d\u00e1sti. Vn\u00edmateln\u00fd hluk z\u00e1vis\u00ed zejm\u00e9na na omezen\u00e9m po\u010dtu elektrick\u00fdch za\u0159\u00edzen\u00ed a na zp\u016fsobu n\u00e1vrhu syst\u00e9mu.<br data-start=\"1544\" data-end=\"1547\" \/>P\u0159esto\u017ee je v\u00fdroba elekt\u0159iny z fotovoltaiky obecn\u011b pova\u017eov\u00e1na za tichou technologii, mohou se za ur\u010dit\u00fdch podm\u00ednek objevit sly\u0161iteln\u00e9 zvuky v okoln\u00edm prost\u0159ed\u00ed. To zd\u016fraz\u0148uje v\u00fdznam v\u010dasn\u00e9ho posouzen\u00ed a \u0159\u00edzen\u00ed hlukov\u00fdch vliv\u016f ji\u017e ve f\u00e1zi pl\u00e1nov\u00e1n\u00ed projektu.<\/p>\t\t\t\t\t\t\t\t<\/div>\n\t\t\t\t<\/div>\n\t\t\t\t<div class=\"elementor-element elementor-element-820207e elementor-widget elementor-widget-image\" data-id=\"820207e\" data-element_type=\"widget\" data-e-type=\"widget\" data-widget_type=\"image.default\">\n\t\t\t\t<div class=\"elementor-widget-container\">\n\t\t\t\t\t\t\t\t\t\t\t\t\t\t\t<img fetchpriority=\"high\" decoding=\"async\" width=\"900\" height=\"600\" src=\"https:\/\/www.maysunsolar.com\/wp-content\/uploads\/2025\/12\/1-3.png\" class=\"attachment-large size-large wp-image-71725 has-transparency\" alt=\"Noise from photovoltaic power plants is not continuous.\" srcset=\"https:\/\/www.maysunsolar.com\/wp-content\/uploads\/2025\/12\/1-3.png 900w, https:\/\/www.maysunsolar.com\/wp-content\/uploads\/2025\/12\/1-3-300x200.png 300w, https:\/\/www.maysunsolar.com\/wp-content\/uploads\/2025\/12\/1-3-768x512.png 768w, https:\/\/www.maysunsolar.com\/wp-content\/uploads\/2025\/12\/1-3-24x16.png 24w, https:\/\/www.maysunsolar.com\/wp-content\/uploads\/2025\/12\/1-3-36x24.png 36w, https:\/\/www.maysunsolar.com\/wp-content\/uploads\/2025\/12\/1-3-48x32.png 48w\" sizes=\"(max-width: 900px) 100vw, 900px\" data-has-transparency=\"true\" data-dominant-color=\"6d808f\" style=\"--dominant-color: #6d808f\" \/>\t\t\t\t\t\t\t\t\t\t\t\t\t\t\t<\/div>\n\t\t\t\t<\/div>\n\t\t\t\t\t<\/div>\n\t\t<\/div>\n\t\t\t\t\t<\/div>\n\t\t<\/section>\n\t\t\t\t<section class=\"elementor-section elementor-top-section elementor-element elementor-element-00164c2 elementor-section-boxed elementor-section-height-default elementor-section-height-default\" data-id=\"00164c2\" data-element_type=\"section\" data-e-type=\"section\">\n\t\t\t\t\t\t<div class=\"elementor-container elementor-column-gap-default\">\n\t\t\t\t\t<div class=\"elementor-column elementor-col-100 elementor-top-column elementor-element elementor-element-b2519b2\" data-id=\"b2519b2\" data-element_type=\"column\" data-e-type=\"column\">\n\t\t\t<div class=\"elementor-widget-wrap elementor-element-populated\">\n\t\t\t\t\t\t<div class=\"elementor-element elementor-element-dc892c2 elementor-widget elementor-widget-text-editor\" data-id=\"dc892c2\" data-element_type=\"widget\" data-e-type=\"widget\" data-widget_type=\"text-editor.default\">\n\t\t\t\t<div class=\"elementor-widget-container\">\n\t\t\t\t\t\t\t\t\t<h2 data-start=\"1879\" data-end=\"1944\"><strong data-start=\"1883\" data-end=\"1944\">M\u00fdty o hlukov\u00e9m zne\u010di\u0161t\u011bn\u00ed fotovoltaick\u00fdch elektr\u00e1ren<\/strong><\/h2><p data-start=\"1945\" data-end=\"2213\">P\u0159i konzultac\u00edch skute\u010dn\u00fdch projekt\u016f i ve ve\u0159ejn\u00fdch diskus\u00edch je t\u00e9ma hluku z fotovoltaick\u00fdch elektr\u00e1ren \u010dasto zmi\u0148ov\u00e1no.<br data-start=\"2066\" data-end=\"2069\" \/>Tyto obavy obvykle vych\u00e1zej\u00ed ze zam\u011b\u0148ov\u00e1n\u00ed fotovoltaick\u00fdch syst\u00e9m\u016f s jin\u00fdmi zp\u016fsoby v\u00fdroby energie nebo z nepochopen\u00ed jejich principu fungov\u00e1n\u00ed.<\/p>\t\t\t\t\t\t\t\t<\/div>\n\t\t\t\t<\/div>\n\t\t\t\t<div class=\"elementor-element elementor-element-68c8e3b elementor-widget elementor-widget-text-editor\" data-id=\"68c8e3b\" data-element_type=\"widget\" data-e-type=\"widget\" data-widget_type=\"text-editor.default\">\n\t\t\t\t<div class=\"elementor-widget-container\">\n\t\t\t\t\t\t\t\t\t<h4 data-start=\"2215\" data-end=\"2290\"><strong data-start=\"2220\" data-end=\"2290\">2.1 Vytv\u00e1\u0159\u00ed fotovoltaick\u00e1 elektr\u00e1rna trval\u00fd vysokofrekven\u010dn\u00ed hluk?<\/strong><\/h4><p data-start=\"2291\" data-end=\"2687\">Za b\u011b\u017en\u00fdch provozn\u00edch podm\u00ednek fotovoltaick\u00e1 elektr\u00e1rna nevytv\u00e1\u0159\u00ed trval\u00fd vysokofrekven\u010dn\u00ed hluk.<br data-start=\"2386\" data-end=\"2389\" \/>V re\u00e1ln\u00e9m provozu se sice mohou objevit ur\u010dit\u00e9 zvuky, ty v\u0161ak maj\u00ed zpravidla podobu n\u00edzkofrekven\u010dn\u00edho, p\u0159eru\u0161ovan\u00e9ho hluku s relativn\u011b n\u00edzkou hladinou.<br data-start=\"2540\" data-end=\"2543\" \/>P\u0159i vhodn\u00e9m n\u00e1vrhu syst\u00e9mu a p\u0159\u00edpadn\u00e9m pou\u017eit\u00ed protihlukov\u00fdch opat\u0159en\u00ed je dopad t\u011bchto zvuk\u016f na kvalitu \u017eivota obyvatel v okol\u00ed obvykle omezen\u00fd.<\/p>\t\t\t\t\t\t\t\t<\/div>\n\t\t\t\t<\/div>\n\t\t\t\t<div class=\"elementor-element elementor-element-f2bc25b elementor-widget elementor-widget-text-editor\" data-id=\"f2bc25b\" data-element_type=\"widget\" data-e-type=\"widget\" data-widget_type=\"text-editor.default\">\n\t\t\t\t<div class=\"elementor-widget-container\">\n\t\t\t\t\t\t\t\t\t<h4 data-start=\"2689\" data-end=\"2759\"><strong data-start=\"2694\" data-end=\"2759\">2.2 M\u00e1 hluk z fotovoltaick\u00e9 elektr\u00e1rny vliv na lidsk\u00e9 zdrav\u00ed?<\/strong><\/h4><p data-start=\"2760\" data-end=\"3226\">P\u0159i dodr\u017een\u00ed platn\u00fdch p\u0159edpis\u016f nem\u00e1 hluk vznikaj\u00edc\u00ed p\u0159i provozu fotovoltaick\u00e9 elektr\u00e1rny zpravidla negativn\u00ed vliv na lidsk\u00e9 zdrav\u00ed.<br data-start=\"2891\" data-end=\"2894\" \/>Dostupn\u00e9 studie a v\u00fdsledky praktick\u00fdch m\u011b\u0159en\u00ed ukazuj\u00ed, \u017ee \u00farove\u0148 hluku b\u011bhem provozu je obvykle ni\u017e\u0161\u00ed ne\u017e hluk zp\u016fsoben\u00fd m\u011bstskou dopravou nebo b\u011b\u017enou pr\u016fmyslovou \u010dinnost\u00ed.<br data-start=\"3066\" data-end=\"3069\" \/>Pokud projekt spl\u0148uje normy pro hluk v jednotliv\u00fdch f\u00e1z\u00edch pl\u00e1nov\u00e1n\u00ed, v\u00fdstavby i provozu, lze potenci\u00e1ln\u00ed dopad na zdrav\u00ed obyvatel pova\u017eovat za zanedbateln\u00fd.<\/p>\t\t\t\t\t\t\t\t<\/div>\n\t\t\t\t<\/div>\n\t\t\t\t<div class=\"elementor-element elementor-element-89062d9 elementor-widget elementor-widget-text-editor\" data-id=\"89062d9\" data-element_type=\"widget\" data-e-type=\"widget\" data-widget_type=\"text-editor.default\">\n\t\t\t\t<div class=\"elementor-widget-container\">\n\t\t\t\t\t\t\t\t\t<h4 data-start=\"3228\" data-end=\"3289\"><strong data-start=\"3233\" data-end=\"3289\">2.3 Vznik\u00e1 hluk z fotovoltaick\u00e9 elektr\u00e1rny i v noci?<\/strong><\/h4><p data-start=\"3290\" data-end=\"3662\">Za norm\u00e1ln\u00edch provozn\u00edch podm\u00ednek fotovoltaick\u00e1 elektr\u00e1rna v noci hluk obvykle nevytv\u00e1\u0159\u00ed.<br data-start=\"3379\" data-end=\"3382\" \/>Fotovoltaick\u00e9 syst\u00e9my jsou z\u00e1visl\u00e9 na slune\u010dn\u00edm z\u00e1\u0159en\u00ed; hlavn\u00ed za\u0159\u00edzen\u00ed pracuj\u00ed b\u011bhem dne a v noci jsou v\u011bt\u0161inou vypnut\u00e1 nebo v pohotovostn\u00edm re\u017eimu.<br data-start=\"3531\" data-end=\"3534\" \/>Bez zvl\u00e1\u0161tn\u00edch provozn\u00edch po\u017eadavk\u016f tedy fotovoltaick\u00e1 elektr\u00e1rna v no\u010dn\u00edch hodin\u00e1ch zpravidla nevytv\u00e1\u0159\u00ed trvale vn\u00edmateln\u00fd hluk.<\/p>\t\t\t\t\t\t\t\t<\/div>\n\t\t\t\t<\/div>\n\t\t\t\t<div class=\"elementor-element elementor-element-19ffdd5 elementor-widget elementor-widget-text-editor\" data-id=\"19ffdd5\" data-element_type=\"widget\" data-e-type=\"widget\" data-widget_type=\"text-editor.default\">\n\t\t\t\t<div class=\"elementor-widget-container\">\n\t\t\t\t\t\t\t\t\t<h4 data-start=\"3664\" data-end=\"3718\"><strong data-start=\"3669\" data-end=\"3718\">2.4 Nelze hluk sn\u00ed\u017eit technick\u00fdmi opat\u0159en\u00edmi?<\/strong><\/h4><p data-start=\"3719\" data-end=\"4154\">Hluk fotovoltaick\u00e9 elektr\u00e1rny nen\u00ed nevyhnuteln\u00fd a lze jej \u00fa\u010dinn\u011b regulovat pomoc\u00ed osv\u011bd\u010den\u00fdch technick\u00fdch a pl\u00e1novac\u00edch postup\u016f.<br data-start=\"3847\" data-end=\"3850\" \/>S technologick\u00fdm v\u00fdvojem se v oblasti v\u00fdb\u011bru za\u0159\u00edzen\u00ed, uspo\u0159\u00e1d\u00e1n\u00ed syst\u00e9mu a \u0159\u00edzen\u00ed provozu vytvo\u0159ily pom\u011brn\u011b propracovan\u00e9 p\u0159\u00edstupy ke sni\u017eov\u00e1n\u00ed hluku.<br data-start=\"4000\" data-end=\"4003\" \/>P\u0159i rozumn\u00e9m pl\u00e1nov\u00e1n\u00ed lze hladinu hluku fotovoltaick\u00e9 elektr\u00e1rny obvykle udr\u017eet v mez\u00edch povolen\u00fdch pr\u00e1vn\u00edmi p\u0159edpisy a s minim\u00e1ln\u00edm dopadem na okol\u00ed.<\/p>\t\t\t\t\t\t\t\t<\/div>\n\t\t\t\t<\/div>\n\t\t\t\t<div class=\"elementor-element elementor-element-0f93bad elementor-widget elementor-widget-image\" data-id=\"0f93bad\" data-element_type=\"widget\" data-e-type=\"widget\" data-widget_type=\"image.default\">\n\t\t\t\t<div class=\"elementor-widget-container\">\n\t\t\t\t\t\t\t\t\t\t\t\t\t\t\t<img decoding=\"async\" width=\"900\" height=\"600\" src=\"https:\/\/www.maysunsolar.com\/wp-content\/uploads\/2025\/12\/2-2.png\" class=\"attachment-large size-large wp-image-71726 has-transparency\" alt=\"There are many myths surrounding noise from photovoltaic power plants, but the vast majority are unfounded; photovoltaic power plants do not generate significant noise or pose health risks during operation.\" srcset=\"https:\/\/www.maysunsolar.com\/wp-content\/uploads\/2025\/12\/2-2.png 900w, https:\/\/www.maysunsolar.com\/wp-content\/uploads\/2025\/12\/2-2-300x200.png 300w, https:\/\/www.maysunsolar.com\/wp-content\/uploads\/2025\/12\/2-2-768x512.png 768w, https:\/\/www.maysunsolar.com\/wp-content\/uploads\/2025\/12\/2-2-24x16.png 24w, https:\/\/www.maysunsolar.com\/wp-content\/uploads\/2025\/12\/2-2-36x24.png 36w, https:\/\/www.maysunsolar.com\/wp-content\/uploads\/2025\/12\/2-2-48x32.png 48w\" sizes=\"(max-width: 900px) 100vw, 900px\" data-has-transparency=\"true\" data-dominant-color=\"3c5177\" style=\"--dominant-color: #3c5177\" \/>\t\t\t\t\t\t\t\t\t\t\t\t\t\t\t<\/div>\n\t\t\t\t<\/div>\n\t\t\t\t\t<\/div>\n\t\t<\/div>\n\t\t\t\t\t<\/div>\n\t\t<\/section>\n\t\t\t\t<section class=\"elementor-section elementor-top-section elementor-element elementor-element-cd80249 elementor-section-boxed elementor-section-height-default elementor-section-height-default\" data-id=\"cd80249\" data-element_type=\"section\" data-e-type=\"section\">\n\t\t\t\t\t\t<div class=\"elementor-container elementor-column-gap-default\">\n\t\t\t\t\t<div class=\"elementor-column elementor-col-100 elementor-top-column elementor-element elementor-element-591788a\" data-id=\"591788a\" data-element_type=\"column\" data-e-type=\"column\">\n\t\t\t<div class=\"elementor-widget-wrap elementor-element-populated\">\n\t\t\t\t\t\t<div class=\"elementor-element elementor-element-19ccf7e elementor-widget elementor-widget-text-editor\" data-id=\"19ccf7e\" data-element_type=\"widget\" data-e-type=\"widget\" data-widget_type=\"text-editor.default\">\n\t\t\t\t<div class=\"elementor-widget-container\">\n\t\t\t\t\t\t\t\t\t<h2 data-start=\"0\" data-end=\"80\"><strong data-start=\"4\" data-end=\"80\">Jak\u00e9 jsou zdroje hlukov\u00e9ho zne\u010di\u0161t\u011bn\u00ed u fotovoltaick\u00fdch elektr\u00e1ren?<\/strong><\/h2><p data-start=\"82\" data-end=\"456\">P\u0159i skute\u010dn\u00e9m provozu fotovoltaick\u00e9 elektr\u00e1rny <strong data-start=\"129\" data-end=\"193\">nevznik\u00e1 vn\u00edmateln\u00fd hluk ze samotn\u00fdch fotovoltaick\u00fdch modul\u016f<\/strong>, ale je p\u0159ev\u00e1\u017en\u011b spojen s provozn\u00edm stavem omezen\u00e9ho po\u010dtu elektrick\u00fdch za\u0159\u00edzen\u00ed.<br data-start=\"275\" data-end=\"278\" \/>Tyto zvuky maj\u00ed obvykle <strong data-start=\"302\" data-end=\"342\">jasn\u011b definovan\u00e9 zdroje a mechanismy<\/strong>; pochopen\u00ed jejich vzniku umo\u017e\u0148uje \u00fa\u010dinn\u011bj\u0161\u00ed posouzen\u00ed a kontrolu ji\u017e ve f\u00e1zi n\u00e1vrhu syst\u00e9mu a pl\u00e1nov\u00e1n\u00ed projektu.<\/p>\t\t\t\t\t\t\t\t<\/div>\n\t\t\t\t<\/div>\n\t\t\t\t<div class=\"elementor-element elementor-element-0c321b8 elementor-widget elementor-widget-image\" data-id=\"0c321b8\" data-element_type=\"widget\" data-e-type=\"widget\" data-widget_type=\"image.default\">\n\t\t\t\t<div class=\"elementor-widget-container\">\n\t\t\t\t\t\t\t\t\t\t\t\t\t\t\t<img decoding=\"async\" width=\"900\" height=\"600\" src=\"https:\/\/www.maysunsolar.com\/wp-content\/uploads\/2025\/12\/3-2.png\" class=\"attachment-large size-large wp-image-71727 has-transparency\" alt=\"\" srcset=\"https:\/\/www.maysunsolar.com\/wp-content\/uploads\/2025\/12\/3-2.png 900w, https:\/\/www.maysunsolar.com\/wp-content\/uploads\/2025\/12\/3-2-300x200.png 300w, https:\/\/www.maysunsolar.com\/wp-content\/uploads\/2025\/12\/3-2-768x512.png 768w, https:\/\/www.maysunsolar.com\/wp-content\/uploads\/2025\/12\/3-2-24x16.png 24w, https:\/\/www.maysunsolar.com\/wp-content\/uploads\/2025\/12\/3-2-36x24.png 36w, https:\/\/www.maysunsolar.com\/wp-content\/uploads\/2025\/12\/3-2-48x32.png 48w\" sizes=\"(max-width: 900px) 100vw, 900px\" data-has-transparency=\"true\" data-dominant-color=\"9da0b0\" style=\"--dominant-color: #9da0b0\" \/>\t\t\t\t\t\t\t\t\t\t\t\t\t\t\t<\/div>\n\t\t\t\t<\/div>\n\t\t\t\t<div class=\"elementor-element elementor-element-6060f22 elementor-widget elementor-widget-text-editor\" data-id=\"6060f22\" data-element_type=\"widget\" data-e-type=\"widget\" data-widget_type=\"text-editor.default\">\n\t\t\t\t<div class=\"elementor-widget-container\">\n\t\t\t\t\t\t\t\t\t<h4 data-start=\"583\" data-end=\"620\"><strong data-start=\"588\" data-end=\"620\">3.1 Hluk generovan\u00fd st\u0159\u00edda\u010di<\/strong><\/h4><p data-start=\"621\" data-end=\"1310\">St\u0159\u00edda\u010d pat\u0159\u00ed mezi nejv\u00fdznamn\u011bj\u0161\u00ed potenci\u00e1ln\u00ed zdroje hluku ve fotovoltaick\u00e9 elektr\u00e1rn\u011b. Hluk vznik\u00e1 p\u0159edev\u0161\u00edm b\u011bhem p\u0159em\u011bny elektrick\u00e9 energie a provozu za\u0159\u00edzen\u00ed.<br data-start=\"783\" data-end=\"786\" \/>V provozu st\u0159\u00edda\u010d p\u0159ev\u00e1d\u00ed stejnosm\u011brn\u00fd proud vyroben\u00fd fotovoltaick\u00fdmi moduly na st\u0159\u00eddav\u00fd proud a p\u0159ipojuje jej k distribu\u010dn\u00ed s\u00edti. Tento proces zahrnuje vysokofrekven\u010dn\u00ed elektrick\u00e9 sp\u00edn\u00e1n\u00ed a \u010dinnost vnit\u0159n\u00edch magnetick\u00fdch sou\u010d\u00e1st\u00ed, kter\u00e9 mohou vyvolat elektromagnetick\u00e9 vibrace a konstruk\u010dn\u00ed rezonance, a t\u00edm i vn\u00edmateln\u00fd hluk v okoln\u00edm prost\u0159ed\u00ed.<br data-start=\"1133\" data-end=\"1136\" \/>N\u011bkter\u00e9 st\u0159\u00edda\u010de jsou nav\u00edc vybaveny aktivn\u00edmi chladic\u00edmi syst\u00e9my; za \u00fa\u010delem udr\u017een\u00ed bezpe\u010dn\u00e9ho teplotn\u00edho rozsahu mohou b\u011bhem provozu vytv\u00e1\u0159et i p\u0159eru\u0161ovan\u00fd mechanick\u00fd hluk.<\/p>\t\t\t\t\t\t\t\t<\/div>\n\t\t\t\t<\/div>\n\t\t\t\t<div class=\"elementor-element elementor-element-a8e91e2 elementor-widget elementor-widget-text-editor\" data-id=\"a8e91e2\" data-element_type=\"widget\" data-e-type=\"widget\" data-widget_type=\"text-editor.default\">\n\t\t\t\t<div class=\"elementor-widget-container\">\n\t\t\t\t\t\t\t\t\t<h4 data-start=\"1312\" data-end=\"1355\"><strong data-start=\"1317\" data-end=\"1355\">3.2 Hluk generovan\u00fd transform\u00e1tory<\/strong><\/h4><p data-start=\"1356\" data-end=\"1941\">Ve fotovoltaick\u00e9 elektr\u00e1rn\u011b p\u0159edstavuj\u00ed transform\u00e1tory dal\u0161\u00ed v\u00fdznamnou kategorii potenci\u00e1ln\u00edch zdroj\u016f hluku, kter\u00fd souvis\u00ed p\u0159edev\u0161\u00edm s elektromagnetick\u00fdmi jevy a provozn\u00edm stavem za\u0159\u00edzen\u00ed.<br data-start=\"1544\" data-end=\"1547\" \/>B\u011bhem provozu mohou j\u00e1dro a vinut\u00ed transform\u00e1toru vlivem st\u0159\u00eddav\u00fdch elektromagnetick\u00fdch sil vykazovat drobn\u00e9 vibrace. Ty se mohou \u0161\u00ed\u0159it konstrukc\u00ed za\u0159\u00edzen\u00ed nebo jeho z\u00e1klady do okol\u00ed a vytv\u00e1\u0159et trval\u00fd n\u00edzkofrekven\u010dn\u00ed hluk.<br data-start=\"1769\" data-end=\"1772\" \/>Transform\u00e1tory vybaven\u00e9 aktivn\u00edmi chladic\u00edmi syst\u00e9my mohou p\u0159i \u010dinnosti odvodov\u00fdch za\u0159\u00edzen\u00ed produkovat dal\u0161\u00ed mechanick\u00fd hluk, \u010d\u00edm\u017e ovliv\u0148uj\u00ed celkov\u00e9 akustick\u00e9 prost\u0159ed\u00ed.<\/p>\t\t\t\t\t\t\t\t<\/div>\n\t\t\t\t<\/div>\n\t\t\t\t<div class=\"elementor-element elementor-element-7a88256 elementor-widget elementor-widget-text-editor\" data-id=\"7a88256\" data-element_type=\"widget\" data-e-type=\"widget\" data-widget_type=\"text-editor.default\">\n\t\t\t\t<div class=\"elementor-widget-container\">\n\t\t\t\t\t\t\t\t\t<h4 data-start=\"1943\" data-end=\"1998\"><strong data-start=\"1948\" data-end=\"1998\">3.3 Pomocn\u00e1 za\u0159\u00edzen\u00ed a sekund\u00e1rn\u00ed zdroje hluku<\/strong><\/h4><p data-start=\"1999\" data-end=\"2608\">Krom\u011b st\u0159\u00edda\u010d\u016f a transform\u00e1tor\u016f mohou vznikat sekund\u00e1rn\u00ed zdroje hluku tak\u00e9 v d\u016fsledku pomocn\u00fdch za\u0159\u00edzen\u00ed nebo m\u00edstn\u00edch provozn\u00edch podm\u00ednek.<br data-start=\"2138\" data-end=\"2141\" \/>Nap\u0159\u00edklad chladic\u00ed ventil\u00e1tory, ventila\u010dn\u00ed syst\u00e9my \u010di monitorovac\u00ed za\u0159\u00edzen\u00ed n\u011bkter\u00fdch elektrick\u00fdch komponent mohou b\u011bhem provozu vytv\u00e1\u0159et p\u0159eru\u0161ovan\u00fd mechanick\u00fd hluk. Zp\u016fsob instalace, konstruk\u010dn\u00ed rezonance a vazba mezi z\u00e1klady a okoln\u00edm prost\u0159ed\u00edm mohou za ur\u010dit\u00fdch podm\u00ednek zes\u00edlit vn\u00edmatelnost hluku.<br data-start=\"2444\" data-end=\"2447\" \/>Ve srovn\u00e1n\u00ed s hlavn\u00edmi elektrick\u00fdmi za\u0159\u00edzen\u00edmi je tento typ hluku obvykle nespojit\u00fd a s omezen\u00fdm dosahem, p\u0159esto by m\u011bl b\u00fdt zohledn\u011bn ji\u017e ve f\u00e1zi n\u00e1vrhu syst\u00e9mu.<\/p>\t\t\t\t\t\t\t\t<\/div>\n\t\t\t\t<\/div>\n\t\t\t\t\t<\/div>\n\t\t<\/div>\n\t\t\t\t\t<\/div>\n\t\t<\/section>\n\t\t\t\t<section class=\"elementor-section elementor-top-section elementor-element elementor-element-a7e256f elementor-section-boxed elementor-section-height-default elementor-section-height-default\" data-id=\"a7e256f\" data-element_type=\"section\" data-e-type=\"section\">\n\t\t\t\t\t\t<div class=\"elementor-container elementor-column-gap-default\">\n\t\t\t\t\t<div class=\"elementor-column elementor-col-100 elementor-top-column elementor-element elementor-element-52ecf60\" data-id=\"52ecf60\" data-element_type=\"column\" data-e-type=\"column\">\n\t\t\t<div class=\"elementor-widget-wrap elementor-element-populated\">\n\t\t\t\t\t\t<div class=\"elementor-element elementor-element-7b3329d elementor-widget elementor-widget-text-editor\" data-id=\"7b3329d\" data-element_type=\"widget\" data-e-type=\"widget\" data-widget_type=\"text-editor.default\">\n\t\t\t\t<div class=\"elementor-widget-container\">\n\t\t\t\t\t\t\t\t\t<h2 data-start=\"2615\" data-end=\"2689\"><strong data-start=\"2619\" data-end=\"2689\">\u00da\u010dinn\u00e1 \u0159e\u0161en\u00ed ke sn\u00ed\u017een\u00ed hluku ve fotovoltaick\u00fdch elektr\u00e1rn\u00e1ch<\/strong><\/h2><p data-start=\"2691\" data-end=\"3032\">V in\u017een\u00fdrsk\u00e9 praxi souvisej\u00ed hlukov\u00e9 probl\u00e9my fotovoltaick\u00fdch elektr\u00e1ren p\u0159edev\u0161\u00edm s celkov\u00fdm n\u00e1vrhem syst\u00e9mu a technick\u00fdm pl\u00e1nov\u00e1n\u00edm.<br data-start=\"2825\" data-end=\"2828\" \/>Po identifikaci hlavn\u00edch zdroj\u016f hluku lze jejich dopad \u00fa\u010dinn\u011b \u0159\u00eddit ji\u017e v ran\u00fdch f\u00e1z\u00edch projektu prost\u0159ednictv\u00edm vhodn\u00e9ho v\u00fdb\u011bru za\u0159\u00edzen\u00ed, uspo\u0159\u00e1d\u00e1n\u00ed technologie a slad\u011bn\u00ed konstrukc\u00ed s okoln\u00edm prost\u0159ed\u00edm.<\/p>\t\t\t\t\t\t\t\t<\/div>\n\t\t\t\t<\/div>\n\t\t\t\t<div class=\"elementor-element elementor-element-76926be elementor-widget elementor-widget-image\" data-id=\"76926be\" data-element_type=\"widget\" data-e-type=\"widget\" data-widget_type=\"image.default\">\n\t\t\t\t<div class=\"elementor-widget-container\">\n\t\t\t\t\t\t\t\t\t\t\t\t\t\t\t<img loading=\"lazy\" decoding=\"async\" width=\"900\" height=\"600\" src=\"https:\/\/www.maysunsolar.com\/wp-content\/uploads\/2025\/12\/4-3.png\" class=\"attachment-large size-large wp-image-71728 has-transparency\" alt=\"\" srcset=\"https:\/\/www.maysunsolar.com\/wp-content\/uploads\/2025\/12\/4-3.png 900w, https:\/\/www.maysunsolar.com\/wp-content\/uploads\/2025\/12\/4-3-300x200.png 300w, https:\/\/www.maysunsolar.com\/wp-content\/uploads\/2025\/12\/4-3-768x512.png 768w, https:\/\/www.maysunsolar.com\/wp-content\/uploads\/2025\/12\/4-3-24x16.png 24w, https:\/\/www.maysunsolar.com\/wp-content\/uploads\/2025\/12\/4-3-36x24.png 36w, https:\/\/www.maysunsolar.com\/wp-content\/uploads\/2025\/12\/4-3-48x32.png 48w\" sizes=\"(max-width: 900px) 100vw, 900px\" data-has-transparency=\"true\" data-dominant-color=\"828189\" style=\"--dominant-color: #828189\" \/>\t\t\t\t\t\t\t\t\t\t\t\t\t\t\t<\/div>\n\t\t\t\t<\/div>\n\t\t\t\t<div class=\"elementor-element elementor-element-8d64b5f elementor-widget elementor-widget-text-editor\" data-id=\"8d64b5f\" data-element_type=\"widget\" data-e-type=\"widget\" data-widget_type=\"text-editor.default\">\n\t\t\t\t<div class=\"elementor-widget-container\">\n\t\t\t\t\t\t\t\t\t<h4 data-start=\"3241\" data-end=\"3325\"><strong data-start=\"3246\" data-end=\"3325\">4.1 N\u00e1vrh syst\u00e9mu s vyu\u017eit\u00edm modul\u016f s vysok\u00fdm v\u00fdkonem nebo sklo-sklo modul\u016f<\/strong><\/h4><p data-start=\"3326\" data-end=\"3865\">U fotovoltaick\u00e9 elektr\u00e1rny se riziko hluku \u010dasto formuje ji\u017e ve f\u00e1zi n\u00e1vrhu syst\u00e9mu.<br data-start=\"3410\" data-end=\"3413\" \/>Vztah mezi velikost\u00ed instalace, v\u00fdkonovou konfigurac\u00ed a po\u010dtem za\u0159\u00edzen\u00ed p\u0159\u00edmo ovliv\u0148uje uspo\u0159\u00e1d\u00e1n\u00ed st\u0159\u00edda\u010d\u016f, transform\u00e1tor\u016f a dal\u0161\u00edch elektrick\u00fdch komponent, a t\u00edm nep\u0159\u00edmo i po\u010det a rozlo\u017een\u00ed potenci\u00e1ln\u00edch zdroj\u016f hluku.<br data-start=\"3632\" data-end=\"3635\" \/>P\u0159i stejn\u00e9 instalovan\u00e9 kapacit\u011b maj\u00ed syst\u00e9mov\u00e1 konstruk\u010dn\u00ed rozhodnut\u00ed p\u0159\u00edm\u00fd vliv na po\u010det modul\u016f, elektrickou konfiguraci a slo\u017eitost n\u00e1sledn\u00e9ho rozm\u00edst\u011bn\u00ed, co\u017e nep\u0159\u00edmo ovliv\u0148uje hlukov\u00e9 riziko. Zvl\u00e1\u0161t\u011b d\u016fle\u017eit\u00e9 jsou dv\u011b prom\u011bnn\u00e9:<\/p><ul data-start=\"3867\" data-end=\"4542\"><li data-start=\"3867\" data-end=\"4171\"><p data-start=\"3869\" data-end=\"4171\"><strong data-start=\"3869\" data-end=\"3898\"><a href=\"https:\/\/www.maysunsolar.it\/moduli-fotovoltaici-410w-800w-guida-scelta-tetto\">Moduly s vysok\u00fdm v\u00fdkonem<\/a>:<\/strong> p\u0159i stejn\u00e9 instalovan\u00e9 kapacit\u011b umo\u017e\u0148uj\u00ed sn\u00ed\u017eit po\u010det pot\u0159ebn\u00fdch modul\u016f a stejnosm\u011brn\u00fdch okruh\u016f, \u010d\u00edm\u017e se zjednodu\u0161uje konfigurace p\u0159ipojen\u00ed st\u0159\u00edda\u010d\u016f a souvisej\u00edc\u00edch elektrick\u00fdch za\u0159\u00edzen\u00ed. To napom\u00e1h\u00e1 zjednodu\u0161en\u00ed konstrukce a omezen\u00ed kumulace potenci\u00e1ln\u00edch zdroj\u016f hluku.<\/p><\/li><li data-start=\"4172\" data-end=\"4542\"><p data-start=\"4174\" data-end=\"4542\"><strong data-start=\"4174\" data-end=\"4195\"><a href=\"https:\/\/www.maysunsolar.it\/moduli-vetro-vetro\">Sklo-sklo moduly<\/a>:<\/strong> u projekt\u016f s vy\u0161\u0161\u00edmi n\u00e1roky na konstruk\u010dn\u00ed stabilitu a provozn\u00ed \u017eivotnost, zejm\u00e9na v komer\u010dn\u00edch a pr\u016fmyslov\u00fdch aplikac\u00edch, p\u0159in\u00e1\u0161ej\u00ed sklo-sklo moduly v\u00fdhody v podob\u011b vy\u0161\u0161\u00ed robustnosti a odolnosti. T\u00edm se sni\u017euje pot\u0159eba pozd\u011bj\u0161\u00edch konstruk\u010dn\u00edch \u00faprav, v\u00fdm\u011bny modul\u016f nebo instalace dodate\u010dn\u00fdch za\u0159\u00edzen\u00ed, kter\u00e9 by mohly zav\u00e1d\u011bt nov\u00e9 hlukov\u00e9 riziko.<\/p><\/li><\/ul><p data-start=\"4544\" data-end=\"4733\">Takov\u00e1 optimalizace na \u00farovni syst\u00e9mu, proveden\u00e1 v po\u010d\u00e1te\u010dn\u00ed f\u00e1zi projektu, je obvykle dlouhodob\u011b l\u00e9pe kontrolovateln\u00e1 ne\u017e pozd\u011bj\u0161\u00ed spol\u00e9h\u00e1n\u00ed se na protihlukov\u00e1 opat\u0159en\u00ed \u010di n\u00e1pravn\u00e1 \u0159e\u0161en\u00ed.<\/p>\t\t\t\t\t\t\t\t<\/div>\n\t\t\t\t<\/div>\n\t\t\t\t<div class=\"elementor-element elementor-element-450d41f elementor-widget elementor-widget-text-editor\" data-id=\"450d41f\" data-element_type=\"widget\" data-e-type=\"widget\" data-widget_type=\"text-editor.default\">\n\t\t\t\t<div class=\"elementor-widget-container\">\n\t\t\t\t\t\t\t\t\t<h4 data-start=\"4735\" data-end=\"4798\"><strong data-start=\"4740\" data-end=\"4798\">4.2 Optimalizace vz\u00e1jemn\u00e9 polohy a uspo\u0159\u00e1d\u00e1n\u00ed za\u0159\u00edzen\u00ed<\/strong><\/h4><p data-start=\"4799\" data-end=\"5081\">Skute\u010dn\u00fd dopad hluku fotovoltaick\u00e9 elektr\u00e1rny na okoln\u00ed prost\u0159ed\u00ed nez\u00e1vis\u00ed pouze na hlu\u010dnosti samotn\u00fdch za\u0159\u00edzen\u00ed, ale tak\u00e9 na jejich rozm\u00edst\u011bn\u00ed v r\u00e1mci lokality.<br data-start=\"4960\" data-end=\"4963\" \/>I p\u0159i stejn\u00fdch parametrech zdroje hluku mohou r\u016fzn\u00e9 prostorov\u00e9 polohy a vzd\u00e1lenosti v\u00e9st k odli\u0161n\u00e9 m\u00ed\u0159e vn\u00edm\u00e1n\u00ed hluku.<\/p><ul data-start=\"5083\" data-end=\"5585\" data-is-last-node=\"\" data-is-only-node=\"\"><li data-start=\"5083\" data-end=\"5253\"><p data-start=\"5085\" data-end=\"5253\">Pokud jsou hlavn\u00ed elektrick\u00e1 za\u0159\u00edzen\u00ed, jako jsou st\u0159\u00edda\u010de a transform\u00e1tory, um\u00edst\u011bna v bl\u00edzkosti obytn\u00fdch oblast\u00ed nebo jin\u00fdch citliv\u00fdch z\u00f3n, je hluk vn\u00edm\u00e1n v\u00fdrazn\u011bji.<\/p><\/li><li data-start=\"5254\" data-end=\"5453\"><p data-start=\"5256\" data-end=\"5453\">Vhodn\u00fdm zv\u011bt\u0161en\u00edm vzd\u00e1lenosti mezi za\u0159\u00edzen\u00edmi a citliv\u00fdmi m\u00edsty nebo optimalizac\u00ed rozm\u00edst\u011bn\u00ed podle podm\u00ednek lokality lze sn\u00ed\u017eit hlukov\u00fd dopad, ani\u017e by bylo nutn\u00e9 zav\u00e1d\u011bt dal\u0161\u00ed technick\u00e1 opat\u0159en\u00ed.<\/p><\/li><li data-start=\"5454\" data-end=\"5585\" data-is-last-node=\"\"><p data-start=\"5456\" data-end=\"5585\" data-is-last-node=\"\">Soust\u0159ed\u011bn\u00ed v\u00edce potenci\u00e1ln\u00edch zdroj\u016f hluku na jednom m\u00edst\u011b m\u016f\u017ee rovn\u011b\u017e v\u00e9st ke kumulaci hluku a zes\u00edlen\u00ed jeho celkov\u00e9ho vn\u00edm\u00e1n\u00ed.<\/p><\/li><\/ul>\t\t\t\t\t\t\t\t<\/div>\n\t\t\t\t<\/div>\n\t\t\t\t<div class=\"elementor-element elementor-element-223c4ed elementor-widget elementor-widget-text-editor\" data-id=\"223c4ed\" data-element_type=\"widget\" data-e-type=\"widget\" data-widget_type=\"text-editor.default\">\n\t\t\t\t<div class=\"elementor-widget-container\">\n\t\t\t\t\t\t\t\t\t<h4 data-start=\"0\" data-end=\"49\"><strong data-start=\"5\" data-end=\"49\">4.3 Vhodn\u00e1 konstrukce a zp\u016fsob instalace<\/strong><\/h4><p data-start=\"50\" data-end=\"704\">U fotovoltaick\u00fdch elektr\u00e1ren souvis\u00ed vn\u00edm\u00e1n\u00ed hluku okoln\u00edm prost\u0159ed\u00edm tak\u00e9 s <strong data-start=\"127\" data-end=\"191\">konstruk\u010dn\u00edm proveden\u00edm za\u0159\u00edzen\u00ed a zp\u016fsobem jejich instalace<\/strong>.<br data-start=\"192\" data-end=\"195\" \/>I p\u0159i stejn\u00fdch podm\u00ednk\u00e1ch zdroje hluku mohou r\u016fzn\u00e9 mont\u00e1\u017en\u00ed konstrukce a z\u00e1kladov\u00e9 podm\u00ednky ovlivnit \u00fatlum nebo zes\u00edlen\u00ed hluku b\u011bhem jeho \u0161\u00ed\u0159en\u00ed.<br data-start=\"340\" data-end=\"343\" \/>Pokud jsou za\u0159\u00edzen\u00ed pevn\u011b spojena se zem\u00ed nebo stavebn\u00ed konstrukc\u00ed, vibrace vznikaj\u00edc\u00ed p\u0159i provozu se snadn\u011bji p\u0159en\u00e1\u0161ej\u00ed konstrukc\u00ed, \u010d\u00edm\u017e se zvy\u0161uje vn\u00edmatelnost n\u00edzkofrekven\u010dn\u00edho hluku.<br data-start=\"529\" data-end=\"532\" \/>D\u00edky vhodn\u00e9mu n\u00e1vrhu z\u00e1klad\u016f a optimalizaci instala\u010dn\u00edch postup\u016f lze sn\u00ed\u017eit p\u0159enos vibrac\u00ed do okoln\u00edho prost\u0159ed\u00ed, <strong data-start=\"646\" data-end=\"703\">ani\u017e by bylo nutn\u00e9 m\u011bnit technick\u00e9 parametry za\u0159\u00edzen\u00ed<\/strong>.<\/p>\t\t\t\t\t\t\t\t<\/div>\n\t\t\t\t<\/div>\n\t\t\t\t<div class=\"elementor-element elementor-element-1b10ce9 elementor-widget elementor-widget-text-editor\" data-id=\"1b10ce9\" data-element_type=\"widget\" data-e-type=\"widget\" data-widget_type=\"text-editor.default\">\n\t\t\t\t<div class=\"elementor-widget-container\">\n\t\t\t\t\t\t\t\t\t<h4 data-start=\"711\" data-end=\"765\"><strong data-start=\"716\" data-end=\"765\">4.4 Pravideln\u00fd a systematick\u00fd provoz a \u00fadr\u017eba<\/strong><\/h4><p data-start=\"766\" data-end=\"1273\">Po uveden\u00ed fotovoltaick\u00e9 elektr\u00e1rny do provozu souvis\u00ed stabilita hladiny hluku tak\u00e9 s n\u00e1sledn\u00fdm \u0159\u00edzen\u00edm provozu a stavem \u00fadr\u017eby za\u0159\u00edzen\u00ed.<br data-start=\"903\" data-end=\"906\" \/>B\u011bhem provozu se m\u016f\u017ee stav chladic\u00edch syst\u00e9m\u016f, ventil\u00e1tor\u016f a dal\u0161\u00edch komponent m\u011bnit vlivem st\u00e1rnut\u00ed, usazov\u00e1n\u00ed ne\u010distot nebo abnorm\u00e1ln\u00edho opot\u0159eben\u00ed, co\u017e m\u016f\u017ee v\u00e9st ke zm\u011bn\u00e1m hlu\u010dnosti.<br data-start=\"1091\" data-end=\"1094\" \/>Pravideln\u00e9 kontroly, \u00fadr\u017eba a nezbytn\u00fd provozn\u00ed monitoring umo\u017e\u0148uj\u00ed v\u010das odhalit a \u0159e\u0161it nestandardn\u00ed stavy a pom\u00e1haj\u00ed zabr\u00e1nit postupn\u00e9mu zvy\u0161ov\u00e1n\u00ed hluku p\u0159i dlouhodob\u00e9m provozu<\/p>\t\t\t\t\t\t\t\t<\/div>\n\t\t\t\t<\/div>\n\t\t\t\t\t<\/div>\n\t\t<\/div>\n\t\t\t\t\t<\/div>\n\t\t<\/section>\n\t\t\t\t<section class=\"elementor-section elementor-top-section elementor-element elementor-element-867395b elementor-section-boxed elementor-section-height-default elementor-section-height-default\" data-id=\"867395b\" data-element_type=\"section\" data-e-type=\"section\">\n\t\t\t\t\t\t<div class=\"elementor-container elementor-column-gap-default\">\n\t\t\t\t\t<div class=\"elementor-column elementor-col-100 elementor-top-column elementor-element elementor-element-6b1fa95\" data-id=\"6b1fa95\" data-element_type=\"column\" data-e-type=\"column\">\n\t\t\t<div class=\"elementor-widget-wrap elementor-element-populated\">\n\t\t\t\t\t\t<div class=\"elementor-element elementor-element-f412c9e elementor-widget elementor-widget-text-editor\" data-id=\"f412c9e\" data-element_type=\"widget\" data-e-type=\"widget\" data-widget_type=\"text-editor.default\">\n\t\t\t\t<div class=\"elementor-widget-container\">\n\t\t\t\t\t\t\t\t\t<h2 data-start=\"1280\" data-end=\"1360\"><strong data-start=\"1284\" data-end=\"1360\">Normy a po\u017eadavky na shodu v oblasti hluku fotovoltaick\u00fdch elektr\u00e1ren<\/strong><\/h2><p data-start=\"1361\" data-end=\"1653\">V Evrop\u011b a ve v\u011bt\u0161in\u011b zem\u00ed je \u0159\u00edzen\u00ed hluku fotovoltaick\u00fdch elektr\u00e1ren za\u010dlen\u011bno do syst\u00e9mu regulace environment\u00e1ln\u00edho hluku a dohledu nad pr\u016fmyslov\u00fdmi za\u0159\u00edzen\u00edmi.<br data-start=\"1523\" data-end=\"1526\" \/>D\u016fraz je kladen p\u0159edev\u0161\u00edm na to, zda skute\u010dn\u00fd hluk vznikaj\u00edc\u00ed p\u0159i provozu spl\u0148uje stanoven\u00e9 mezn\u00ed hodnoty pro okoln\u00ed prost\u0159ed\u00ed.<\/p>\t\t\t\t\t\t\t\t<\/div>\n\t\t\t\t<\/div>\n\t\t\t\t<div class=\"elementor-element elementor-element-1b65563 elementor-widget elementor-widget-text-editor\" data-id=\"1b65563\" data-element_type=\"widget\" data-e-type=\"widget\" data-widget_type=\"text-editor.default\">\n\t\t\t\t<div class=\"elementor-widget-container\">\n\t\t\t\t\t\t\t\t\t<h4 data-start=\"1655\" data-end=\"1709\"><strong data-start=\"1660\" data-end=\"1709\">5.1 Obecn\u00fd regula\u010dn\u00ed r\u00e1mec na evropsk\u00e9 \u00farovni<\/strong><\/h4><p data-start=\"1710\" data-end=\"1859\">Na \u00farovni Evropsk\u00e9 unie vych\u00e1z\u00ed \u0159\u00edzen\u00ed hluku fotovoltaick\u00fdch elektr\u00e1ren p\u0159edev\u0161\u00edm z pr\u00e1vn\u00edch p\u0159edpis\u016f o environment\u00e1ln\u00edm hluku a z technick\u00fdch norem:<\/p><ul data-start=\"1861\" data-end=\"2406\"><li data-start=\"1861\" data-end=\"2170\"><p data-start=\"1863\" data-end=\"2170\"><strong data-start=\"1863\" data-end=\"1906\">R\u00e1mec regulace environment\u00e1ln\u00edho hluku:<\/strong> Sm\u011brnice Evropsk\u00e9 unie o hluku v \u017eivotn\u00edm prost\u0159ed\u00ed (2002\/49\/ES) ukl\u00e1d\u00e1 \u010dlensk\u00fdm st\u00e1t\u016fm povinnost hodnotit a \u0159\u00eddit hluk vznikaj\u00edc\u00ed provozem pr\u016fmyslov\u00fdch za\u0159\u00edzen\u00ed a v p\u0159\u00edpad\u011b pot\u0159eby p\u0159ij\u00edmat kontroln\u00ed opat\u0159en\u00ed ke sn\u00ed\u017een\u00ed dopad\u016f na obytn\u00e9 oblasti a citliv\u00e9 z\u00f3ny.<\/p><\/li><li data-start=\"2171\" data-end=\"2406\"><p data-start=\"2173\" data-end=\"2406\"><strong data-start=\"2173\" data-end=\"2212\">Normy pro m\u011b\u0159en\u00ed a hodnocen\u00ed hluku:<\/strong> Normy, jako je EN 61672, poskytuj\u00ed jednotn\u00fd technick\u00fd z\u00e1klad pro metody m\u011b\u0159en\u00ed a postupy hodnocen\u00ed environment\u00e1ln\u00edho hluku a slou\u017e\u00ed k posouzen\u00ed souladu provozu za\u0159\u00edzen\u00ed s regula\u010dn\u00edmi po\u017eadavky.<\/p><\/li><\/ul><p data-start=\"2408\" data-end=\"2563\">V praktick\u00e9 aplikaci se tyto p\u0159edpisy zam\u011b\u0159uj\u00ed p\u0159edev\u0161\u00edm na <strong data-start=\"2468\" data-end=\"2505\">v\u00fdslednou nam\u011b\u0159enou hladinu hluku<\/strong>, tedy na to, zda doch\u00e1z\u00ed k p\u0159ekro\u010den\u00ed stanoven\u00fdch limit\u016f.<\/p>\t\t\t\t\t\t\t\t<\/div>\n\t\t\t\t<\/div>\n\t\t\t\t<div class=\"elementor-element elementor-element-b78f25f elementor-widget elementor-widget-text-editor\" data-id=\"b78f25f\" data-element_type=\"widget\" data-e-type=\"widget\" data-widget_type=\"text-editor.default\">\n\t\t\t\t<div class=\"elementor-widget-container\">\n\t\t\t\t\t\t\t\t\t<h4 data-start=\"2570\" data-end=\"2630\"><strong data-start=\"2575\" data-end=\"2630\">5.2 Spole\u010dn\u00e9 principy uplat\u0148ov\u00e1n\u00ed na n\u00e1rodn\u00ed \u00farovni<\/strong><\/h4><p data-start=\"2631\" data-end=\"2897\">Regulace hluku je obvykle prov\u00e1d\u011bna prost\u0159ednictv\u00edm n\u00e1rodn\u00edch z\u00e1kon\u016f o ochran\u011b \u017eivotn\u00edho prost\u0159ed\u00ed nebo technick\u00fdch p\u0159edpis\u016f.<br data-start=\"2756\" data-end=\"2759\" \/>P\u0159esto\u017ee se jednotliv\u00e9 zem\u011b li\u0161\u00ed v nastaven\u00ed limitn\u00edch hodnot a schvalovac\u00edch postupech, z\u00e1kladn\u00ed principy jsou ve v\u011bt\u0161in\u011b p\u0159\u00edpad\u016f shodn\u00e9:<\/p><ul data-start=\"2899\" data-end=\"3171\"><li data-start=\"2899\" data-end=\"2992\"><p data-start=\"2901\" data-end=\"2992\">fotovoltaick\u00e9 elektr\u00e1rny jsou pova\u017eov\u00e1ny za typ pr\u016fmyslov\u00e9ho nebo energetick\u00e9ho za\u0159\u00edzen\u00ed;<\/p><\/li><li data-start=\"2993\" data-end=\"3055\"><p data-start=\"2995\" data-end=\"3055\">hodnocen\u00ed hluku vych\u00e1z\u00ed ze skute\u010dn\u00fdch provozn\u00edch v\u00fdsledk\u016f;<\/p><\/li><li data-start=\"3056\" data-end=\"3171\"><p data-start=\"3058\" data-end=\"3171\">pro r\u016fzn\u00e9 zp\u016fsoby vyu\u017eit\u00ed \u00fazem\u00ed (obytn\u00e9 oblasti, sm\u00ed\u0161en\u00e9 z\u00f3ny, pr\u016fmyslov\u00e9 oblasti) plat\u00ed odli\u0161n\u00e9 limitn\u00ed hodnoty.<\/p><\/li><\/ul><p data-start=\"3173\" data-end=\"3338\">Nap\u0159\u00edklad v N\u011bmecku, Francii nebo Spojen\u00e9m kr\u00e1lovstv\u00ed je fotovoltaick\u00e1 elektr\u00e1rna pova\u017eov\u00e1na za vyhovuj\u00edc\u00ed, pokud provozn\u00ed hluk nep\u0159ekra\u010duje m\u00edstn\u011b stanoven\u00e9 limity.<\/p>\t\t\t\t\t\t\t\t<\/div>\n\t\t\t\t<\/div>\n\t\t\t\t<div class=\"elementor-element elementor-element-f4bf2f3 elementor-widget elementor-widget-image\" data-id=\"f4bf2f3\" data-element_type=\"widget\" data-e-type=\"widget\" data-widget_type=\"image.default\">\n\t\t\t\t<div class=\"elementor-widget-container\">\n\t\t\t\t\t\t\t\t\t\t\t\t\t\t\t<img loading=\"lazy\" decoding=\"async\" width=\"900\" height=\"600\" src=\"https:\/\/www.maysunsolar.com\/wp-content\/uploads\/2025\/12\/5-1.png\" class=\"attachment-large size-large wp-image-71729 has-transparency\" alt=\"\" srcset=\"https:\/\/www.maysunsolar.com\/wp-content\/uploads\/2025\/12\/5-1.png 900w, https:\/\/www.maysunsolar.com\/wp-content\/uploads\/2025\/12\/5-1-300x200.png 300w, https:\/\/www.maysunsolar.com\/wp-content\/uploads\/2025\/12\/5-1-768x512.png 768w, https:\/\/www.maysunsolar.com\/wp-content\/uploads\/2025\/12\/5-1-24x16.png 24w, https:\/\/www.maysunsolar.com\/wp-content\/uploads\/2025\/12\/5-1-36x24.png 36w, https:\/\/www.maysunsolar.com\/wp-content\/uploads\/2025\/12\/5-1-48x32.png 48w\" sizes=\"(max-width: 900px) 100vw, 900px\" data-has-transparency=\"true\" data-dominant-color=\"6a7786\" style=\"--dominant-color: #6a7786\" \/>\t\t\t\t\t\t\t\t\t\t\t\t\t\t\t<\/div>\n\t\t\t\t<\/div>\n\t\t\t\t\t<\/div>\n\t\t<\/div>\n\t\t\t\t\t<\/div>\n\t\t<\/section>\n\t\t\t\t<section class=\"elementor-section elementor-top-section elementor-element elementor-element-629d4a0 elementor-section-boxed elementor-section-height-default elementor-section-height-default\" data-id=\"629d4a0\" data-element_type=\"section\" data-e-type=\"section\">\n\t\t\t\t\t\t<div class=\"elementor-container elementor-column-gap-default\">\n\t\t\t\t\t<div class=\"elementor-column elementor-col-100 elementor-top-column elementor-element elementor-element-774ceeb\" data-id=\"774ceeb\" data-element_type=\"column\" data-e-type=\"column\">\n\t\t\t<div class=\"elementor-widget-wrap elementor-element-populated\">\n\t\t\t\t\t\t<div class=\"elementor-element elementor-element-a12052a elementor-widget elementor-widget-text-editor\" data-id=\"a12052a\" data-element_type=\"widget\" data-e-type=\"widget\" data-widget_type=\"text-editor.default\">\n\t\t\t\t<div class=\"elementor-widget-container\">\n\t\t\t\t\t\t\t\t\t<h2 data-start=\"3473\" data-end=\"3490\"><strong data-start=\"3477\" data-end=\"3490\">Z\u00e1v\u011br<\/strong><\/h2><p data-start=\"3491\" data-end=\"4222\">Z hlediska in\u017een\u00fdrsk\u00e9 praxe nen\u00ed hluk fotovoltaick\u00e9 elektr\u00e1rny d\u00e1n samotn\u00fdmi fotovoltaick\u00fdmi moduly, ale je v\u00fdsledkem soub\u011b\u017en\u00e9ho p\u016fsoben\u00ed n\u00e1vrhu syst\u00e9mu, rozm\u00edst\u011bn\u00ed za\u0159\u00edzen\u00ed, instala\u010dn\u00edch konstrukc\u00ed a \u0159\u00edzen\u00ed provozu.<br data-start=\"3707\" data-end=\"3710\" \/>Pokud jsou hlavn\u00ed zdroje hluku ji\u017e v ran\u00e9 f\u00e1zi projektu spr\u00e1vn\u011b posouzeny a kontrolov\u00e1ny prost\u0159ednictv\u00edm systematick\u00e9ho technick\u00e9ho n\u00e1vrhu, lze dos\u00e1hnout dobr\u00e9ho slad\u011bn\u00ed elektr\u00e1rny s okoln\u00edm prost\u0159ed\u00edm.<br data-start=\"3912\" data-end=\"3915\" \/>Z regula\u010dn\u00edho hlediska je fotovoltaick\u00e1 elektr\u00e1rna pova\u017eov\u00e1na za vyhovuj\u00edc\u00ed, pokud skute\u010dn\u00fd provozn\u00ed hluk spl\u0148uje m\u00edstn\u00ed limitn\u00ed hodnoty.<br data-start=\"4052\" data-end=\"4055\" \/>Ve srovn\u00e1n\u00ed s dodate\u010dn\u00fdmi n\u00e1pravn\u00fdmi opat\u0159en\u00edmi je za\u010dlen\u011bn\u00ed kontroly hluku do celkov\u00e9 logiky projektu ji\u017e ve f\u00e1zi pl\u00e1nov\u00e1n\u00ed v\u00fdhodn\u011bj\u0161\u00ed pro dlouhodob\u011b stabiln\u00ed provoz.<\/p>\t\t\t\t\t\t\t\t<\/div>\n\t\t\t\t<\/div>\n\t\t\t\t\t<\/div>\n\t\t<\/div>\n\t\t\t\t\t<\/div>\n\t\t<\/section>\n\t\t\t\t<section class=\"elementor-section elementor-top-section elementor-element elementor-element-397ff3f elementor-section-boxed elementor-section-height-default elementor-section-height-default\" data-id=\"397ff3f\" data-element_type=\"section\" data-e-type=\"section\">\n\t\t\t\t\t\t<div class=\"elementor-container elementor-column-gap-default\">\n\t\t\t\t\t<div class=\"elementor-column elementor-col-100 elementor-top-column elementor-element elementor-element-eb05bf6\" data-id=\"eb05bf6\" data-element_type=\"column\" data-e-type=\"column\">\n\t\t\t<div class=\"elementor-widget-wrap elementor-element-populated\">\n\t\t\t\t\t\t<div class=\"elementor-element elementor-element-811c7e1 elementor-align-center elementor-widget elementor-widget-button\" data-id=\"811c7e1\" data-element_type=\"widget\" data-e-type=\"widget\" data-widget_type=\"button.default\">\n\t\t\t\t<div class=\"elementor-widget-container\">\n\t\t\t\t\t\t\t\t\t<div class=\"elementor-button-wrapper\">\n\t\t\t\t\t<a class=\"elementor-button elementor-button-link elementor-size-sm\" href=\"https:\/\/www.maysunsolar.it\/tutti-prodotti\/?utm_source=blog&#038;utm_medium=visitwebsitebutton\" target=\"_blank\">\n\t\t\t\t\t\t<span class=\"elementor-button-content-wrapper\">\n\t\t\t\t\t\t\t\t\t<span class=\"elementor-button-text\">V\u00edce modul\u016f zam\u011b\u0159en\u00fdch na sn\u00ed\u017een\u00ed hluku:<\/span>\n\t\t\t\t\t<\/span>\n\t\t\t\t\t<\/a>\n\t\t\t\t<\/div>\n\t\t\t\t\t\t\t\t<\/div>\n\t\t\t\t<\/div>\n\t\t\t\t\t<\/div>\n\t\t<\/div>\n\t\t\t\t\t<\/div>\n\t\t<\/section>\n\t\t\t\t<section class=\"elementor-section elementor-top-section elementor-element elementor-element-64b8b60 elementor-section-boxed elementor-section-height-default elementor-section-height-default\" data-id=\"64b8b60\" data-element_type=\"section\" data-e-type=\"section\">\n\t\t\t\t\t\t<div class=\"elementor-container elementor-column-gap-default\">\n\t\t\t\t\t<div class=\"elementor-column elementor-col-100 elementor-top-column elementor-element elementor-element-0ee10f5\" data-id=\"0ee10f5\" data-element_type=\"column\" data-e-type=\"column\">\n\t\t\t<div class=\"elementor-widget-wrap elementor-element-populated\">\n\t\t\t\t\t\t<div class=\"elementor-element elementor-element-db99d1c elementor-widget elementor-widget-text-editor\" data-id=\"db99d1c\" data-element_type=\"widget\" data-e-type=\"widget\" data-widget_type=\"text-editor.default\">\n\t\t\t\t<div class=\"elementor-widget-container\">\n\t\t\t\t\t\t\t\t\t<p><a href=\"https:\/\/www.maysunsolar.it\/\"><strong>Maysun Solar<\/strong><\/a> je v\u00fdrobce a dodavatel fotovoltaick\u00fdch modul\u016f zam\u011b\u0159en\u00fd na evropsk\u00fd trh. Portfolio zahrnuje moduly s vysok\u00fdm v\u00fdkonem a moduly typu sklo\u2013sklo. D\u00edky pou\u017eit\u00ed vysoce v\u00fdkonn\u00fdch modul\u016f ke sn\u00ed\u017een\u00ed slo\u017eitosti syst\u00e9mu a kombinaci se sklo\u2013sklo konstrukc\u00ed pro zv\u00fd\u0161en\u00ed dlouhodob\u00e9 stability pom\u00e1h\u00e1 projekt\u016fm ji\u017e ve f\u00e1zi n\u00e1vrhu l\u00e9pe \u0159\u00eddit provozn\u00ed rizika a splnit technick\u00e9 i regula\u010dn\u00ed po\u017eadavky.<\/p>\t\t\t\t\t\t\t\t<\/div>\n\t\t\t\t<\/div>\n\t\t\t\t\t<\/div>\n\t\t<\/div>\n\t\t\t\t\t<\/div>\n\t\t<\/section>\n\t\t\t\t<section class=\"elementor-section elementor-top-section elementor-element elementor-element-3b0e1f1 elementor-section-boxed elementor-section-height-default elementor-section-height-default\" data-id=\"3b0e1f1\" data-element_type=\"section\" data-e-type=\"section\">\n\t\t\t\t\t\t<div class=\"elementor-container elementor-column-gap-default\">\n\t\t\t\t\t<div class=\"elementor-column elementor-col-100 elementor-top-column elementor-element elementor-element-a11c966\" data-id=\"a11c966\" data-element_type=\"column\" data-e-type=\"column\">\n\t\t\t<div class=\"elementor-widget-wrap elementor-element-populated\">\n\t\t\t\t\t\t<div class=\"elementor-element elementor-element-e0d6f0c elementor-widget elementor-widget-text-editor\" data-id=\"e0d6f0c\" data-element_type=\"widget\" data-e-type=\"widget\" data-widget_type=\"text-editor.default\">\n\t\t\t\t<div class=\"elementor-widget-container\">\n\t\t\t\t\t\t\t\t\t<h4><strong>Reference<\/strong><\/h4>\t\t\t\t\t\t\t\t<\/div>\n\t\t\t\t<\/div>\n\t\t\t\t<div class=\"elementor-element elementor-element-37d0b20 elementor-widget elementor-widget-text-editor\" data-id=\"37d0b20\" data-element_type=\"widget\" data-e-type=\"widget\" data-widget_type=\"text-editor.default\">\n\t\t\t\t<div class=\"elementor-widget-container\">\n\t\t\t\t\t\t\t\t\t<p><em><i>Clockwork. (2023, March 23). Yes, solar farms can produce noise! Acentech. https:\/\/www.acentech.com\/resources\/yes-solar-farms-can-produce-noise\/<\/i><\/em><\/p>\n<p><em><i>Authority, C. S. (2024, January 1). Solar farm noise recommendations. Community Solar Authority. https:\/\/communitysolarauthority.com\/solar-farm-noise-recommendations\/<\/i><\/em><\/p>\t\t\t\t\t\t\t\t<\/div>\n\t\t\t\t<\/div>\n\t\t\t\t\t<\/div>\n\t\t<\/div>\n\t\t\t\t\t<\/div>\n\t\t<\/section>\n\t\t\t\t<section class=\"elementor-section elementor-top-section elementor-element elementor-element-d68c1c6 elementor-section-boxed elementor-section-height-default elementor-section-height-default\" data-id=\"d68c1c6\" data-element_type=\"section\" data-e-type=\"section\">\n\t\t\t\t\t\t<div class=\"elementor-container elementor-column-gap-default\">\n\t\t\t\t\t<div class=\"elementor-column elementor-col-100 elementor-top-column elementor-element elementor-element-2b9e1d1\" data-id=\"2b9e1d1\" data-element_type=\"column\" data-e-type=\"column\">\n\t\t\t<div class=\"elementor-widget-wrap elementor-element-populated\">\n\t\t\t\t\t\t<div class=\"elementor-element elementor-element-22f2290 elementor-widget elementor-widget-text-editor\" data-id=\"22f2290\" data-element_type=\"widget\" data-e-type=\"widget\" data-widget_type=\"text-editor.default\">\n\t\t\t\t<div class=\"elementor-widget-container\">\n\t\t\t\t\t\t\t\t\t<h4><strong>Recommend Reading<\/strong><\/h4>\t\t\t\t\t\t\t\t<\/div>\n\t\t\t\t<\/div>\n\t\t\t\t<div class=\"elementor-element elementor-element-74ebcbe elementor-grid-3 elementor-grid-tablet-2 elementor-grid-mobile-1 elementor-posts--thumbnail-top elementor-widget elementor-widget-posts\" data-id=\"74ebcbe\" data-element_type=\"widget\" data-e-type=\"widget\" data-settings=\"{&quot;classic_columns&quot;:&quot;3&quot;,&quot;classic_columns_tablet&quot;:&quot;2&quot;,&quot;classic_columns_mobile&quot;:&quot;1&quot;,&quot;classic_row_gap&quot;:{&quot;unit&quot;:&quot;px&quot;,&quot;size&quot;:35,&quot;sizes&quot;:[]},&quot;classic_row_gap_tablet&quot;:{&quot;unit&quot;:&quot;px&quot;,&quot;size&quot;:&quot;&quot;,&quot;sizes&quot;:[]},&quot;classic_row_gap_mobile&quot;:{&quot;unit&quot;:&quot;px&quot;,&quot;size&quot;:&quot;&quot;,&quot;sizes&quot;:[]}}\" data-widget_type=\"posts.classic\">\n\t\t\t\t<div class=\"elementor-widget-container\">\n\t\t\t\t\t\t\t<div class=\"elementor-posts-container elementor-posts elementor-posts--skin-classic elementor-grid\" role=\"list\">\n\t\t\t\t<article class=\"elementor-post elementor-grid-item post-73053 post type-post status-publish format-standard has-post-thumbnail hentry category-technologie-a-fotovoltaicke-produkty tag-teplotni-koeficient tag-vyber-fotovoltaickych-panelu-2\" role=\"listitem\">\n\t\t\t\t<a class=\"elementor-post__thumbnail__link\" href=\"https:\/\/www.maysunsolar.com\/cs\/teplotni-koeficient-fotovoltaickych-panelu\/\" tabindex=\"-1\" >\n\t\t\t<div class=\"elementor-post__thumbnail\"><img loading=\"lazy\" decoding=\"async\" width=\"300\" height=\"97\" src=\"https:\/\/www.maysunsolar.com\/wp-content\/uploads\/2026\/04\/\u5c01\u97621-300x97.png\" class=\"attachment-medium size-medium wp-image-73038 not-transparent\" alt=\"How Important Is the Temperature Coefficient When Choosing a Solar Panel?\" data-has-transparency=\"false\" data-dominant-color=\"4f8eb7\" style=\"--dominant-color: #4f8eb7\" srcset=\"https:\/\/www.maysunsolar.com\/wp-content\/uploads\/2026\/04\/\u5c01\u97621-300x97.png 300w, https:\/\/www.maysunsolar.com\/wp-content\/uploads\/2026\/04\/\u5c01\u97621-1024x331.png 1024w, https:\/\/www.maysunsolar.com\/wp-content\/uploads\/2026\/04\/\u5c01\u97621-768x248.png 768w, https:\/\/www.maysunsolar.com\/wp-content\/uploads\/2026\/04\/\u5c01\u97621-1536x496.png 1536w, https:\/\/www.maysunsolar.com\/wp-content\/uploads\/2026\/04\/\u5c01\u97621-24x8.png 24w, https:\/\/www.maysunsolar.com\/wp-content\/uploads\/2026\/04\/\u5c01\u97621-36x12.png 36w, https:\/\/www.maysunsolar.com\/wp-content\/uploads\/2026\/04\/\u5c01\u97621-48x16.png 48w, https:\/\/www.maysunsolar.com\/wp-content\/uploads\/2026\/04\/\u5c01\u97621.png 1920w\" sizes=\"(max-width: 300px) 100vw, 300px\" \/><\/div>\n\t\t<\/a>\n\t\t\t\t<div class=\"elementor-post__text\">\n\t\t\t\t<h3 class=\"elementor-post__title\">\n\t\t\t<a href=\"https:\/\/www.maysunsolar.com\/cs\/teplotni-koeficient-fotovoltaickych-panelu\/\" >\n\t\t\t\tJak d\u016fle\u017eit\u00fd je teplotn\u00ed koeficient p\u0159i v\u00fdb\u011bru fotovoltaick\u00fdch panel\u016f\t\t\t<\/a>\n\t\t<\/h3>\n\t\t\t\t<div class=\"elementor-post__meta-data\">\n\t\t\t\t\t<span class=\"elementor-post-date\">\n\t\t\t23 dubna, 2026\t\t<\/span>\n\t\t\t\t<span class=\"elementor-post-avatar\">\n\t\t\t\u017d\u00e1dn\u00e9 koment\u00e1\u0159e\t\t<\/span>\n\t\t\t\t<\/div>\n\t\t\t\t<div class=\"elementor-post__excerpt\">\n\t\t\t<p>Je p\u0159i v\u00fdb\u011bru fotovoltaick\u00fdch panel\u016f teplotn\u00ed koeficient opravdu d\u016fle\u017eit\u00fd? Tento \u010dl\u00e1nek na to odpov\u00edd\u00e1 p\u0159\u00edmo a vysv\u011btluje, u kter\u00fdch projekt\u016f by m\u011bl b\u00fdt sou\u010d\u00e1st\u00ed prvotn\u00edho v\u00fdb\u011bru a u kter\u00fdch nemus\u00ed st\u00e1t na prvn\u00edm m\u00edst\u011b.<\/p>\n\t\t<\/div>\n\t\t\n\t\t<a class=\"elementor-post__read-more\" href=\"https:\/\/www.maysunsolar.com\/cs\/teplotni-koeficient-fotovoltaickych-panelu\/\" aria-label=\"Read more about Jak d\u016fle\u017eit\u00fd je teplotn\u00ed koeficient p\u0159i v\u00fdb\u011bru fotovoltaick\u00fdch panel\u016f\" tabindex=\"-1\" >\n\t\t\tRead More \u00bb\t\t<\/a>\n\n\t\t\t\t<\/div>\n\t\t\t\t<\/article>\n\t\t\t\t<article class=\"elementor-post elementor-grid-item post-72976 post type-post status-publish format-standard has-post-thumbnail hentry category-aplikace-fotovoltaiky category-technologie-a-fotovoltaicke-produkty category-uncategorized-cs tag-bifacialni-fotovoltaika tag-hjt-4 tag-ibc-2\" role=\"listitem\">\n\t\t\t\t<a class=\"elementor-post__thumbnail__link\" href=\"https:\/\/www.maysunsolar.com\/cs\/hjt-nebo-ibc-pro-stresni-fotovoltaiku-v-evrope\/\" tabindex=\"-1\" >\n\t\t\t<div class=\"elementor-post__thumbnail\"><img loading=\"lazy\" decoding=\"async\" width=\"300\" height=\"97\" src=\"https:\/\/www.maysunsolar.com\/wp-content\/uploads\/2026\/04\/cover-300x97.png\" class=\"attachment-medium size-medium wp-image-72963 not-transparent\" alt=\"When can the bifacial advantage of HJT deliver real returns on European rooftop projects? And when is IBC the better choice?\" data-has-transparency=\"false\" data-dominant-color=\"9e9287\" style=\"--dominant-color: #9e9287\" srcset=\"https:\/\/www.maysunsolar.com\/wp-content\/uploads\/2026\/04\/cover-300x97.png 300w, https:\/\/www.maysunsolar.com\/wp-content\/uploads\/2026\/04\/cover-1024x330.png 1024w, https:\/\/www.maysunsolar.com\/wp-content\/uploads\/2026\/04\/cover-768x248.png 768w, https:\/\/www.maysunsolar.com\/wp-content\/uploads\/2026\/04\/cover-1536x496.png 1536w, https:\/\/www.maysunsolar.com\/wp-content\/uploads\/2026\/04\/cover-24x8.png 24w, https:\/\/www.maysunsolar.com\/wp-content\/uploads\/2026\/04\/cover-36x12.png 36w, https:\/\/www.maysunsolar.com\/wp-content\/uploads\/2026\/04\/cover-48x15.png 48w, https:\/\/www.maysunsolar.com\/wp-content\/uploads\/2026\/04\/cover.png 1587w\" sizes=\"(max-width: 300px) 100vw, 300px\" \/><\/div>\n\t\t<\/a>\n\t\t\t\t<div class=\"elementor-post__text\">\n\t\t\t\t<h3 class=\"elementor-post__title\">\n\t\t\t<a href=\"https:\/\/www.maysunsolar.com\/cs\/hjt-nebo-ibc-pro-stresni-fotovoltaiku-v-evrope\/\" >\n\t\t\t\tKdy p\u0159in\u00e1\u0161\u00ed bifaci\u00e1ln\u00ed v\u00fdhoda HJT na evropsk\u00fdch st\u0159e\u0161n\u00edch projektech skute\u010dn\u00fd p\u0159\u00ednos? A kdy je vhodn\u011bj\u0161\u00ed zvolit IBC?\t\t\t<\/a>\n\t\t<\/h3>\n\t\t\t\t<div class=\"elementor-post__meta-data\">\n\t\t\t\t\t<span class=\"elementor-post-date\">\n\t\t\t20 dubna, 2026\t\t<\/span>\n\t\t\t\t<span class=\"elementor-post-avatar\">\n\t\t\t\u017d\u00e1dn\u00e9 koment\u00e1\u0159e\t\t<\/span>\n\t\t\t\t<\/div>\n\t\t\t\t<div class=\"elementor-post__excerpt\">\n\t\t\t<p>Kdy maj\u00ed na evropsk\u00fdch st\u0159e\u0161n\u00edch projektech bifaci\u00e1ln\u00ed HJT moduly skute\u010dn\u00fd p\u0159\u00ednos a kdy by m\u011bly dostat p\u0159ednost IBC moduly.<\/p>\n\t\t<\/div>\n\t\t\n\t\t<a class=\"elementor-post__read-more\" href=\"https:\/\/www.maysunsolar.com\/cs\/hjt-nebo-ibc-pro-stresni-fotovoltaiku-v-evrope\/\" aria-label=\"Read more about Kdy p\u0159in\u00e1\u0161\u00ed bifaci\u00e1ln\u00ed v\u00fdhoda HJT na evropsk\u00fdch st\u0159e\u0161n\u00edch projektech skute\u010dn\u00fd p\u0159\u00ednos? A kdy je vhodn\u011bj\u0161\u00ed zvolit IBC?\" tabindex=\"-1\" >\n\t\t\tRead More \u00bb\t\t<\/a>\n\n\t\t\t\t<\/div>\n\t\t\t\t<\/article>\n\t\t\t\t<article class=\"elementor-post elementor-grid-item post-72944 post type-post status-publish format-standard has-post-thumbnail hentry category-aplikace-fotovoltaiky category-uncategorized-cs tag-fotovoltaika-na-zahrade tag-fotovoltaika-pro-rodinny-dum tag-zahradni-fotovoltaika\" role=\"listitem\">\n\t\t\t\t<a class=\"elementor-post__thumbnail__link\" href=\"https:\/\/www.maysunsolar.com\/cs\/zahradni-solarni-panely-pro-jake-domacnosti\/\" tabindex=\"-1\" >\n\t\t\t<div class=\"elementor-post__thumbnail\"><img loading=\"lazy\" decoding=\"async\" width=\"300\" height=\"97\" src=\"https:\/\/www.maysunsolar.com\/wp-content\/uploads\/2026\/04\/cover-3-300x97.webp\" class=\"attachment-medium size-medium wp-image-72931 not-transparent\" alt=\"Which homes are suitable for garden solar?\" data-has-transparency=\"false\" data-dominant-color=\"586556\" style=\"--dominant-color: #586556\" srcset=\"https:\/\/www.maysunsolar.com\/wp-content\/uploads\/2026\/04\/cover-3-300x97.webp 300w, https:\/\/www.maysunsolar.com\/wp-content\/uploads\/2026\/04\/cover-3-1024x331.webp 1024w, https:\/\/www.maysunsolar.com\/wp-content\/uploads\/2026\/04\/cover-3-768x248.webp 768w, https:\/\/www.maysunsolar.com\/wp-content\/uploads\/2026\/04\/cover-3-1536x496.webp 1536w, https:\/\/www.maysunsolar.com\/wp-content\/uploads\/2026\/04\/cover-3-24x8.webp 24w, https:\/\/www.maysunsolar.com\/wp-content\/uploads\/2026\/04\/cover-3-36x12.webp 36w, https:\/\/www.maysunsolar.com\/wp-content\/uploads\/2026\/04\/cover-3-48x16.webp 48w, https:\/\/www.maysunsolar.com\/wp-content\/uploads\/2026\/04\/cover-3.webp 1920w\" sizes=\"(max-width: 300px) 100vw, 300px\" \/><\/div>\n\t\t<\/a>\n\t\t\t\t<div class=\"elementor-post__text\">\n\t\t\t\t<h3 class=\"elementor-post__title\">\n\t\t\t<a href=\"https:\/\/www.maysunsolar.com\/cs\/zahradni-solarni-panely-pro-jake-domacnosti\/\" >\n\t\t\t\tPro kter\u00e9 dom\u00e1cnosti je zahradn\u00ed fotovoltaika vhodn\u00e1?\t\t\t<\/a>\n\t\t<\/h3>\n\t\t\t\t<div class=\"elementor-post__meta-data\">\n\t\t\t\t\t<span class=\"elementor-post-date\">\n\t\t\t16 dubna, 2026\t\t<\/span>\n\t\t\t\t<span class=\"elementor-post-avatar\">\n\t\t\t\u017d\u00e1dn\u00e9 koment\u00e1\u0159e\t\t<\/span>\n\t\t\t\t<\/div>\n\t\t\t\t<div class=\"elementor-post__excerpt\">\n\t\t\t<p>Pro kter\u00e9 dom\u00e1cnosti je zahradn\u00ed fotovoltaika vhodn\u00e1? Rychle posu\u010fte, zda je fotovoltaika na zahradu vhodn\u00e1 podle dostupn\u00e9ho prostoru, st\u00edn\u011bn\u00ed, orientace a c\u00edle vyu\u017eit\u00ed elekt\u0159iny.<\/p>\n\t\t<\/div>\n\t\t\n\t\t<a class=\"elementor-post__read-more\" href=\"https:\/\/www.maysunsolar.com\/cs\/zahradni-solarni-panely-pro-jake-domacnosti\/\" aria-label=\"Read more about Pro kter\u00e9 dom\u00e1cnosti je zahradn\u00ed fotovoltaika vhodn\u00e1?\" tabindex=\"-1\" >\n\t\t\tRead More \u00bb\t\t<\/a>\n\n\t\t\t\t<\/div>\n\t\t\t\t<\/article>\n\t\t\t\t<article class=\"elementor-post elementor-grid-item post-72918 post type-post status-publish format-standard has-post-thumbnail hentry category-technologie-a-fotovoltaicke-produkty tag-hjt-moduly tag-ibc-moduly tag-topcon-moduly\" role=\"listitem\">\n\t\t\t\t<a class=\"elementor-post__thumbnail__link\" href=\"https:\/\/www.maysunsolar.com\/cs\/fotovoltaicke-moduly-vysoke-teploty-hjt-topcon-ibc\/\" tabindex=\"-1\" >\n\t\t\t<div class=\"elementor-post__thumbnail\"><img loading=\"lazy\" decoding=\"async\" width=\"300\" height=\"97\" src=\"https:\/\/www.maysunsolar.com\/wp-content\/uploads\/2025\/06\/cover-6-300x97.webp\" class=\"attachment-medium size-medium wp-image-72898 not-transparent\" alt=\"Are Differences Between Solar Panels More Noticeable in High-Temperature Conditions?\" data-has-transparency=\"false\" data-dominant-color=\"98a7af\" style=\"--dominant-color: #98a7af\" srcset=\"https:\/\/www.maysunsolar.com\/wp-content\/uploads\/2025\/06\/cover-6-300x97.webp 300w, https:\/\/www.maysunsolar.com\/wp-content\/uploads\/2025\/06\/cover-6-1024x331.webp 1024w, https:\/\/www.maysunsolar.com\/wp-content\/uploads\/2025\/06\/cover-6-768x248.webp 768w, https:\/\/www.maysunsolar.com\/wp-content\/uploads\/2025\/06\/cover-6-1536x496.webp 1536w, https:\/\/www.maysunsolar.com\/wp-content\/uploads\/2025\/06\/cover-6-24x8.webp 24w, https:\/\/www.maysunsolar.com\/wp-content\/uploads\/2025\/06\/cover-6-36x12.webp 36w, https:\/\/www.maysunsolar.com\/wp-content\/uploads\/2025\/06\/cover-6-48x16.webp 48w, https:\/\/www.maysunsolar.com\/wp-content\/uploads\/2025\/06\/cover-6.webp 1920w\" sizes=\"(max-width: 300px) 100vw, 300px\" \/><\/div>\n\t\t<\/a>\n\t\t\t\t<div class=\"elementor-post__text\">\n\t\t\t\t<h3 class=\"elementor-post__title\">\n\t\t\t<a href=\"https:\/\/www.maysunsolar.com\/cs\/fotovoltaicke-moduly-vysoke-teploty-hjt-topcon-ibc\/\" >\n\t\t\t\tBudou rozd\u00edly mezi moduly ve vysok\u00fdch teplot\u00e1ch v\u00fdrazn\u011bj\u0161\u00ed? Anal\u00fdza volby mezi HJT, TOPCon a IBC\t\t\t<\/a>\n\t\t<\/h3>\n\t\t\t\t<div class=\"elementor-post__meta-data\">\n\t\t\t\t\t<span class=\"elementor-post-date\">\n\t\t\t14 dubna, 2026\t\t<\/span>\n\t\t\t\t<span class=\"elementor-post-avatar\">\n\t\t\t\u017d\u00e1dn\u00e9 koment\u00e1\u0159e\t\t<\/span>\n\t\t\t\t<\/div>\n\t\t\t\t<div class=\"elementor-post__excerpt\">\n\t\t\t<p>Vysok\u00e9 teploty sni\u017euj\u00ed \u00fa\u010dinnost fotovoltaick\u00fdch modul\u016f, ale rozd\u00edly ve v\u00fdrob\u011b v l\u00e9t\u011b nejsou d\u00e1ny jen teplotou. Tento \u010dl\u00e1nek porovn\u00e1v\u00e1 chov\u00e1n\u00ed technologi\u00ed HJT, TOPCon a IBC p\u0159i vysok\u00fdch teplot\u00e1ch a vysv\u011btluje, jak maj\u00ed firemn\u00ed projekty zvolit vhodn\u00fd modul.<\/p>\n\t\t<\/div>\n\t\t\n\t\t<a class=\"elementor-post__read-more\" href=\"https:\/\/www.maysunsolar.com\/cs\/fotovoltaicke-moduly-vysoke-teploty-hjt-topcon-ibc\/\" aria-label=\"Read more about Budou rozd\u00edly mezi moduly ve vysok\u00fdch teplot\u00e1ch v\u00fdrazn\u011bj\u0161\u00ed? Anal\u00fdza volby mezi HJT, TOPCon a IBC\" tabindex=\"-1\" >\n\t\t\tRead More \u00bb\t\t<\/a>\n\n\t\t\t\t<\/div>\n\t\t\t\t<\/article>\n\t\t\t\t<article class=\"elementor-post elementor-grid-item post-72881 post type-post status-publish format-standard has-post-thumbnail hentry category-technologie-a-fotovoltaicke-produkty category-uncategorized-cs tag-n-type-topcon tag-solarni-panely\" role=\"listitem\">\n\t\t\t\t<a class=\"elementor-post__thumbnail__link\" href=\"https:\/\/www.maysunsolar.com\/cs\/proc-se-panely-n-type-topcon-stavaji-hlavni-technologii\/\" tabindex=\"-1\" >\n\t\t\t<div class=\"elementor-post__thumbnail\"><img loading=\"lazy\" decoding=\"async\" width=\"300\" height=\"97\" src=\"https:\/\/www.maysunsolar.com\/wp-content\/uploads\/2026\/04\/cover-2-300x97.webp\" class=\"attachment-medium size-medium wp-image-72872 not-transparent\" alt=\"Why Have N-Type TOPCon Solar Panels Become the Market Mainstream?\" data-has-transparency=\"false\" data-dominant-color=\"858480\" style=\"--dominant-color: #858480\" srcset=\"https:\/\/www.maysunsolar.com\/wp-content\/uploads\/2026\/04\/cover-2-300x97.webp 300w, https:\/\/www.maysunsolar.com\/wp-content\/uploads\/2026\/04\/cover-2-1024x331.webp 1024w, https:\/\/www.maysunsolar.com\/wp-content\/uploads\/2026\/04\/cover-2-768x248.webp 768w, https:\/\/www.maysunsolar.com\/wp-content\/uploads\/2026\/04\/cover-2-1536x496.webp 1536w, https:\/\/www.maysunsolar.com\/wp-content\/uploads\/2026\/04\/cover-2-24x8.webp 24w, https:\/\/www.maysunsolar.com\/wp-content\/uploads\/2026\/04\/cover-2-36x12.webp 36w, https:\/\/www.maysunsolar.com\/wp-content\/uploads\/2026\/04\/cover-2-48x16.webp 48w, https:\/\/www.maysunsolar.com\/wp-content\/uploads\/2026\/04\/cover-2.webp 1920w\" sizes=\"(max-width: 300px) 100vw, 300px\" \/><\/div>\n\t\t<\/a>\n\t\t\t\t<div class=\"elementor-post__text\">\n\t\t\t\t<h3 class=\"elementor-post__title\">\n\t\t\t<a href=\"https:\/\/www.maysunsolar.com\/cs\/proc-se-panely-n-type-topcon-stavaji-hlavni-technologii\/\" >\n\t\t\t\tPro\u010d se sol\u00e1rn\u00ed panely TOPCon typu N staly hlavn\u00ed technologi\u00ed na trhu?\t\t\t<\/a>\n\t\t<\/h3>\n\t\t\t\t<div class=\"elementor-post__meta-data\">\n\t\t\t\t\t<span class=\"elementor-post-date\">\n\t\t\t9 dubna, 2026\t\t<\/span>\n\t\t\t\t<span class=\"elementor-post-avatar\">\n\t\t\t\u017d\u00e1dn\u00e9 koment\u00e1\u0159e\t\t<\/span>\n\t\t\t\t<\/div>\n\t\t\t\t<div class=\"elementor-post__excerpt\">\n\t\t\t<p>Sol\u00e1rn\u00ed panely TOPCon typu N dnes pat\u0159\u00ed mezi hlavn\u00ed fotovoltaick\u00e9 technologie d\u00edky dobr\u00e9 rovnov\u00e1ze mezi \u00fa\u010dinnost\u00ed, n\u00e1klady a pr\u016fmyslovou vysp\u011blost\u00ed. Tento \u010dl\u00e1nek stru\u010dn\u011b vysv\u011btluje jejich konstrukci, aplika\u010dn\u00ed v\u00fdhody a nejvhodn\u011bj\u0161\u00ed sc\u00e9n\u00e1\u0159e pou\u017eit\u00ed.<\/p>\n\t\t<\/div>\n\t\t\n\t\t<a class=\"elementor-post__read-more\" href=\"https:\/\/www.maysunsolar.com\/cs\/proc-se-panely-n-type-topcon-stavaji-hlavni-technologii\/\" aria-label=\"Read more about Pro\u010d se sol\u00e1rn\u00ed panely TOPCon typu N staly hlavn\u00ed technologi\u00ed na trhu?\" tabindex=\"-1\" >\n\t\t\tRead More \u00bb\t\t<\/a>\n\n\t\t\t\t<\/div>\n\t\t\t\t<\/article>\n\t\t\t\t<article class=\"elementor-post elementor-grid-item post-72852 post type-post status-publish format-standard has-post-thumbnail hentry category-politika-a-trh-fotovoltaiky category-uncategorized-cs tag-fotovoltaicke-novinky tag-fotovoltaika-evropa tag-stresni-fotovoltaika\" role=\"listitem\">\n\t\t\t\t<a class=\"elementor-post__thumbnail__link\" href=\"https:\/\/www.maysunsolar.com\/cs\/novinky-fotovoltaika-evropa-duben-trh-ceny-politika\/\" tabindex=\"-1\" >\n\t\t\t<div class=\"elementor-post__thumbnail\"><img loading=\"lazy\" decoding=\"async\" width=\"300\" height=\"97\" src=\"https:\/\/www.maysunsolar.com\/wp-content\/uploads\/2026\/04\/cover-1-300x97.webp\" class=\"attachment-medium size-medium wp-image-72842 not-transparent\" alt=\"April News from the European Solar Industry\" data-has-transparency=\"false\" data-dominant-color=\"725d57\" style=\"--dominant-color: #725d57\" srcset=\"https:\/\/www.maysunsolar.com\/wp-content\/uploads\/2026\/04\/cover-1-300x97.webp 300w, https:\/\/www.maysunsolar.com\/wp-content\/uploads\/2026\/04\/cover-1-1024x331.webp 1024w, https:\/\/www.maysunsolar.com\/wp-content\/uploads\/2026\/04\/cover-1-768x248.webp 768w, https:\/\/www.maysunsolar.com\/wp-content\/uploads\/2026\/04\/cover-1-1536x497.webp 1536w, https:\/\/www.maysunsolar.com\/wp-content\/uploads\/2026\/04\/cover-1-24x8.webp 24w, https:\/\/www.maysunsolar.com\/wp-content\/uploads\/2026\/04\/cover-1-36x12.webp 36w, https:\/\/www.maysunsolar.com\/wp-content\/uploads\/2026\/04\/cover-1-48x16.webp 48w, https:\/\/www.maysunsolar.com\/wp-content\/uploads\/2026\/04\/cover-1.webp 1920w\" sizes=\"(max-width: 300px) 100vw, 300px\" \/><\/div>\n\t\t<\/a>\n\t\t\t\t<div class=\"elementor-post__text\">\n\t\t\t\t<h3 class=\"elementor-post__title\">\n\t\t\t<a href=\"https:\/\/www.maysunsolar.com\/cs\/novinky-fotovoltaika-evropa-duben-trh-ceny-politika\/\" >\n\t\t\t\tDubnov\u00e9 zpr\u00e1vy z evropsk\u00e9ho fotovoltaick\u00e9ho pr\u016fmyslu\t\t\t<\/a>\n\t\t<\/h3>\n\t\t\t\t<div class=\"elementor-post__meta-data\">\n\t\t\t\t\t<span class=\"elementor-post-date\">\n\t\t\t7 dubna, 2026\t\t<\/span>\n\t\t\t\t<span class=\"elementor-post-avatar\">\n\t\t\t\u017d\u00e1dn\u00e9 koment\u00e1\u0159e\t\t<\/span>\n\t\t\t\t<\/div>\n\t\t\t\t<div class=\"elementor-post__excerpt\">\n\t\t\t<p>evropsk\u00fd trh s fotovoltaikou u\u017e vys\u00edl\u00e1 sign\u00e1ly postupn\u00e9ho o\u017eiven\u00ed: syst\u00e9mov\u00e1 hodnota se znovu potvrzuje, ceny v n\u011bmeck\u00fdch aukc\u00edch se stabilizuj\u00ed, pravidla v It\u00e1lii jsou jasn\u011bj\u0161\u00ed a ve Francii se zlep\u0161uje jistota v\u00fdnos\u016f projekt\u016f.<\/p>\n\t\t<\/div>\n\t\t\n\t\t<a class=\"elementor-post__read-more\" href=\"https:\/\/www.maysunsolar.com\/cs\/novinky-fotovoltaika-evropa-duben-trh-ceny-politika\/\" aria-label=\"Read more about Dubnov\u00e9 zpr\u00e1vy z evropsk\u00e9ho fotovoltaick\u00e9ho pr\u016fmyslu\" tabindex=\"-1\" >\n\t\t\tRead More \u00bb\t\t<\/a>\n\n\t\t\t\t<\/div>\n\t\t\t\t<\/article>\n\t\t\t\t<\/div>\n\t\t\n\t\t\t\t\t\t<\/div>\n\t\t\t\t<\/div>\n\t\t\t\t\t<\/div>\n\t\t<\/div>\n\t\t\t\t\t<\/div>\n\t\t<\/section>\n\t\t\t\t<section class=\"elementor-section elementor-top-section elementor-element elementor-element-008d276 elementor-section-boxed elementor-section-height-default elementor-section-height-default\" data-id=\"008d276\" data-element_type=\"section\" data-e-type=\"section\">\n\t\t\t\t\t\t<div class=\"elementor-container elementor-column-gap-default\">\n\t\t\t\t\t<div class=\"elementor-column elementor-col-100 elementor-top-column elementor-element elementor-element-e82e67a\" data-id=\"e82e67a\" data-element_type=\"column\" data-e-type=\"column\">\n\t\t\t<div class=\"elementor-widget-wrap elementor-element-populated\">\n\t\t\t\t\t\t<div class=\"elementor-element elementor-element-d2078a2 elementor-widget elementor-widget-html\" data-id=\"d2078a2\" data-element_type=\"widget\" data-e-type=\"widget\" data-widget_type=\"html.default\">\n\t\t\t\t<div class=\"elementor-widget-container\">\n\t\t\t\t\t<script type=\"application\/ld+json\">\r\n{\r\n  \"@context\": \"https:\/\/schema.org\",\r\n  \"@type\": \"Article\",\r\n  \"mainEntityOfPage\": {\r\n    \"@type\": \"WebPage\",\r\n    \"@id\": \"https:\/\/www.maysunsolar.com\/blog-does-photovoltaic-stations-create-noise-pollution\/\"\r\n  },\r\n  \"headline\": \"Does Photovoltaic Stations Create Noise Pollution?\",\r\n  \"description\": \"Noise from photovoltaic power plants is not determined by the modules themselves, but is mainly related to system design and equipment layout. With proper planning and engineering controls, noise levels can usually be kept within compliant limits.\",\r\n  \"image\": \"https:\/\/www.maysunsolar.com\/wp-content\/uploads\/2025\/12\/cover-4-1024x331.webp\",\r\n  \"author\": {\r\n    \"@type\": \"Person\",\r\n    \"name\": \"Maysunsolar\"\r\n  },\r\n  \"publisher\": {\r\n    \"@type\": \"Organization\",\r\n    \"name\": \"Maysunsolar\",\r\n    \"logo\": {\r\n      \"@type\": \"ImageObject\",\r\n      \"url\": \"https:\/\/custom-images.strikinglycdn.com\/res\/hrscywv4p\/image\/upload\/c_limit,fl_lossy,h_300,w_300,f_auto,q_auto\/5373581\/576295_550978.png\"\r\n    }\r\n  },\r\n  \"datePublished\": \"2024-08-02\",\r\n  \"dateModified\": \"2025-12-23\"\r\n}\r\n<\/script>\t\t\t\t<\/div>\n\t\t\t\t<\/div>\n\t\t\t\t\t<\/div>\n\t\t<\/div>\n\t\t\t\t\t<\/div>\n\t\t<\/section>\n\t\t\t\t<\/div>\n\t\t","protected":false},"excerpt":{"rendered":"<p>Hluk fotovoltaick\u00e9 elektr\u00e1rny nen\u00ed d\u00e1n samotn\u00fdmi moduly, ale souvis\u00ed p\u0159edev\u0161\u00edm s n\u00e1vrhem syst\u00e9mu a rozm\u00edst\u011bn\u00edm za\u0159\u00edzen\u00ed. D\u00edky vhodn\u00e9mu pl\u00e1nov\u00e1n\u00ed a technick\u00fdm opat\u0159en\u00edm lze hladinu hluku obvykle udr\u017eet v souladu s platn\u00fdmi p\u0159edpisy.<\/p>\n","protected":false},"author":1,"featured_media":71721,"comment_status":"open","ping_status":"open","sticky":false,"template":"","format":"standard","meta":{"_uag_custom_page_level_css":"","footnotes":""},"categories":[815,1021,707],"tags":[1134,1132,1133,1135],"class_list":["post-71738","post","type-post","status-publish","format-standard","has-post-thumbnail","hentry","category-novinky-z-oboru","category-solarni-technologie","category-uncategorized-cs","tag-environmentalni-hluk","tag-fotovoltaicka-elektrarna","tag-hluk-a-vibrace","tag-technicke-normy-eu"],"yoast_head":"<!-- This site is optimized with the Yoast SEO plugin v27.4 - https:\/\/yoast.com\/product\/yoast-seo-wordpress\/ -->\n<title>Vytv\u00e1\u0159\u00ed fotovoltaick\u00e1 elektr\u00e1rna hlukov\u00e9 zne\u010di\u0161t\u011bn\u00ed? - Professional Distributed PV Module Manufacturer<\/title>\n<meta name=\"description\" content=\"Hluk fotovoltaick\u00e9 elektr\u00e1rny: skute\u010dn\u00e9 zdroje hluku, technick\u00e1 \u0159e\u0161en\u00ed jeho omezen\u00ed a p\u0159ehled evropsk\u00fdch norem a po\u017eadavk\u016f na shodu.\" \/>\n<meta name=\"robots\" content=\"index, follow, max-snippet:-1, max-image-preview:large, max-video-preview:-1\" \/>\n<link rel=\"canonical\" href=\"https:\/\/www.maysunsolar.com\/cs\/hluk-fotovoltaicke-elektrarny-zdroje-a-reseni\/\" \/>\n<meta property=\"og:locale\" content=\"cs_CZ\" \/>\n<meta property=\"og:type\" content=\"article\" \/>\n<meta property=\"og:title\" content=\"Vytv\u00e1\u0159\u00ed fotovoltaick\u00e1 elektr\u00e1rna hlukov\u00e9 zne\u010di\u0161t\u011bn\u00ed? - Professional Distributed PV Module Manufacturer\" \/>\n<meta property=\"og:description\" content=\"Hluk fotovoltaick\u00e9 elektr\u00e1rny: skute\u010dn\u00e9 zdroje hluku, technick\u00e1 \u0159e\u0161en\u00ed jeho omezen\u00ed a p\u0159ehled evropsk\u00fdch norem a po\u017eadavk\u016f na shodu.\" \/>\n<meta property=\"og:url\" content=\"https:\/\/www.maysunsolar.com\/cs\/hluk-fotovoltaicke-elektrarny-zdroje-a-reseni\/\" \/>\n<meta property=\"og:site_name\" content=\"Professional Distributed PV Module Manufacturer\" \/>\n<meta property=\"article:author\" content=\"https:\/\/www.facebook.com\/Maysunsolarglobal\/\" \/>\n<meta property=\"article:published_time\" content=\"2025-12-23T03:03:57+00:00\" \/>\n<meta property=\"article:modified_time\" content=\"2025-12-23T08:34:12+00:00\" \/>\n<meta property=\"og:image\" content=\"https:\/\/www.maysunsolar.com\/wp-content\/uploads\/2025\/12\/cover-4.webp\" \/>\n\t<meta property=\"og:image:width\" content=\"1920\" \/>\n\t<meta property=\"og:image:height\" content=\"620\" \/>\n\t<meta property=\"og:image:type\" content=\"image\/jpeg\" \/>\n<meta name=\"author\" content=\"Brian\" \/>\n<meta name=\"twitter:card\" content=\"summary_large_image\" \/>\n<meta name=\"twitter:label1\" content=\"Napsal(a)\" \/>\n\t<meta name=\"twitter:data1\" content=\"Brian\" \/>\n\t<meta name=\"twitter:label2\" content=\"Odhadovan\u00e1 doba \u010dten\u00ed\" \/>\n\t<meta name=\"twitter:data2\" content=\"14 minut\" \/>\n<script type=\"application\/ld+json\" class=\"yoast-schema-graph\">{\"@context\":\"https:\\\/\\\/schema.org\",\"@graph\":[{\"@type\":\"Article\",\"@id\":\"https:\\\/\\\/www.maysunsolar.com\\\/cs\\\/hluk-fotovoltaicke-elektrarny-zdroje-a-reseni\\\/#article\",\"isPartOf\":{\"@id\":\"https:\\\/\\\/www.maysunsolar.com\\\/cs\\\/hluk-fotovoltaicke-elektrarny-zdroje-a-reseni\\\/\"},\"author\":{\"name\":\"Brian\",\"@id\":\"https:\\\/\\\/www.maysunsolar.com\\\/cs\\\/#\\\/schema\\\/person\\\/fdfb4709ee9cc4cfa57e755ed9c1ae1a\"},\"headline\":\"Vytv\u00e1\u0159\u00ed fotovoltaick\u00e1 elektr\u00e1rna hlukov\u00e9 zne\u010di\u0161t\u011bn\u00ed?\",\"datePublished\":\"2025-12-23T03:03:57+00:00\",\"dateModified\":\"2025-12-23T08:34:12+00:00\",\"mainEntityOfPage\":{\"@id\":\"https:\\\/\\\/www.maysunsolar.com\\\/cs\\\/hluk-fotovoltaicke-elektrarny-zdroje-a-reseni\\\/\"},\"wordCount\":2625,\"commentCount\":0,\"publisher\":{\"@id\":\"https:\\\/\\\/www.maysunsolar.com\\\/cs\\\/#organization\"},\"image\":{\"@id\":\"https:\\\/\\\/www.maysunsolar.com\\\/cs\\\/hluk-fotovoltaicke-elektrarny-zdroje-a-reseni\\\/#primaryimage\"},\"thumbnailUrl\":\"https:\\\/\\\/www.maysunsolar.com\\\/wp-content\\\/uploads\\\/2025\\\/12\\\/cover-4.webp\",\"keywords\":[\"environment\u00e1ln\u00ed hluk\",\"fotovoltaick\u00e1 elektr\u00e1rna\",\"hluk a vibrace\",\"technick\u00e9 normy EU\"],\"articleSection\":[\"Novinky z oboru\",\"Sol\u00e1rn\u00ed technologie\",\"Uncategorized @cs\"],\"inLanguage\":\"cs\",\"potentialAction\":[{\"@type\":\"CommentAction\",\"name\":\"Comment\",\"target\":[\"https:\\\/\\\/www.maysunsolar.com\\\/cs\\\/hluk-fotovoltaicke-elektrarny-zdroje-a-reseni\\\/#respond\"]}]},{\"@type\":\"WebPage\",\"@id\":\"https:\\\/\\\/www.maysunsolar.com\\\/cs\\\/hluk-fotovoltaicke-elektrarny-zdroje-a-reseni\\\/\",\"url\":\"https:\\\/\\\/www.maysunsolar.com\\\/cs\\\/hluk-fotovoltaicke-elektrarny-zdroje-a-reseni\\\/\",\"name\":\"Vytv\u00e1\u0159\u00ed fotovoltaick\u00e1 elektr\u00e1rna hlukov\u00e9 zne\u010di\u0161t\u011bn\u00ed? - Professional Distributed PV Module Manufacturer\",\"isPartOf\":{\"@id\":\"https:\\\/\\\/www.maysunsolar.com\\\/cs\\\/#website\"},\"primaryImageOfPage\":{\"@id\":\"https:\\\/\\\/www.maysunsolar.com\\\/cs\\\/hluk-fotovoltaicke-elektrarny-zdroje-a-reseni\\\/#primaryimage\"},\"image\":{\"@id\":\"https:\\\/\\\/www.maysunsolar.com\\\/cs\\\/hluk-fotovoltaicke-elektrarny-zdroje-a-reseni\\\/#primaryimage\"},\"thumbnailUrl\":\"https:\\\/\\\/www.maysunsolar.com\\\/wp-content\\\/uploads\\\/2025\\\/12\\\/cover-4.webp\",\"datePublished\":\"2025-12-23T03:03:57+00:00\",\"dateModified\":\"2025-12-23T08:34:12+00:00\",\"description\":\"Hluk fotovoltaick\u00e9 elektr\u00e1rny: skute\u010dn\u00e9 zdroje hluku, technick\u00e1 \u0159e\u0161en\u00ed jeho omezen\u00ed a p\u0159ehled evropsk\u00fdch norem a po\u017eadavk\u016f na shodu.\",\"breadcrumb\":{\"@id\":\"https:\\\/\\\/www.maysunsolar.com\\\/cs\\\/hluk-fotovoltaicke-elektrarny-zdroje-a-reseni\\\/#breadcrumb\"},\"inLanguage\":\"cs\",\"potentialAction\":[{\"@type\":\"ReadAction\",\"target\":[\"https:\\\/\\\/www.maysunsolar.com\\\/cs\\\/hluk-fotovoltaicke-elektrarny-zdroje-a-reseni\\\/\"]}]},{\"@type\":\"ImageObject\",\"inLanguage\":\"cs\",\"@id\":\"https:\\\/\\\/www.maysunsolar.com\\\/cs\\\/hluk-fotovoltaicke-elektrarny-zdroje-a-reseni\\\/#primaryimage\",\"url\":\"https:\\\/\\\/www.maysunsolar.com\\\/wp-content\\\/uploads\\\/2025\\\/12\\\/cover-4.webp\",\"contentUrl\":\"https:\\\/\\\/www.maysunsolar.com\\\/wp-content\\\/uploads\\\/2025\\\/12\\\/cover-4.webp\",\"width\":1920,\"height\":620,\"caption\":\"Do photovoltaic power plants cause noise pollution?\"},{\"@type\":\"BreadcrumbList\",\"@id\":\"https:\\\/\\\/www.maysunsolar.com\\\/cs\\\/hluk-fotovoltaicke-elektrarny-zdroje-a-reseni\\\/#breadcrumb\",\"itemListElement\":[{\"@type\":\"ListItem\",\"position\":1,\"name\":\"Home\",\"item\":\"https:\\\/\\\/www.maysunsolar.com\\\/cs\\\/\"},{\"@type\":\"ListItem\",\"position\":2,\"name\":\"Vytv\u00e1\u0159\u00ed fotovoltaick\u00e1 elektr\u00e1rna hlukov\u00e9 zne\u010di\u0161t\u011bn\u00ed?\"}]},{\"@type\":\"WebSite\",\"@id\":\"https:\\\/\\\/www.maysunsolar.com\\\/cs\\\/#website\",\"url\":\"https:\\\/\\\/www.maysunsolar.com\\\/cs\\\/\",\"name\":\"Professional Photovoltaic Panel Manufacturer\",\"description\":\"\",\"publisher\":{\"@id\":\"https:\\\/\\\/www.maysunsolar.com\\\/cs\\\/#organization\"},\"potentialAction\":[{\"@type\":\"SearchAction\",\"target\":{\"@type\":\"EntryPoint\",\"urlTemplate\":\"https:\\\/\\\/www.maysunsolar.com\\\/cs\\\/?s={search_term_string}\"},\"query-input\":{\"@type\":\"PropertyValueSpecification\",\"valueRequired\":true,\"valueName\":\"search_term_string\"}}],\"inLanguage\":\"cs\"},{\"@type\":\"Organization\",\"@id\":\"https:\\\/\\\/www.maysunsolar.com\\\/cs\\\/#organization\",\"name\":\"Maysun Solar\",\"url\":\"https:\\\/\\\/www.maysunsolar.com\\\/cs\\\/\",\"logo\":{\"@type\":\"ImageObject\",\"inLanguage\":\"cs\",\"@id\":\"https:\\\/\\\/www.maysunsolar.com\\\/cs\\\/#\\\/schema\\\/logo\\\/image\\\/\",\"url\":\"https:\\\/\\\/www.maysunsolar.com\\\/wp-content\\\/uploads\\\/2023\\\/12\\\/\u516c\u53f8logo\u900f\u660e\u5e95\u7f51\u7ad9\u5c0f\u5934\u50cf.png\",\"contentUrl\":\"https:\\\/\\\/www.maysunsolar.com\\\/wp-content\\\/uploads\\\/2023\\\/12\\\/\u516c\u53f8logo\u900f\u660e\u5e95\u7f51\u7ad9\u5c0f\u5934\u50cf.png\",\"width\":200,\"height\":200,\"caption\":\"Maysun Solar\"},\"image\":{\"@id\":\"https:\\\/\\\/www.maysunsolar.com\\\/cs\\\/#\\\/schema\\\/logo\\\/image\\\/\"}},{\"@type\":\"Person\",\"@id\":\"https:\\\/\\\/www.maysunsolar.com\\\/cs\\\/#\\\/schema\\\/person\\\/fdfb4709ee9cc4cfa57e755ed9c1ae1a\",\"name\":\"Brian\",\"image\":{\"@type\":\"ImageObject\",\"inLanguage\":\"cs\",\"@id\":\"https:\\\/\\\/secure.gravatar.com\\\/avatar\\\/a2fe047be8cceab00882eda5dba22bea5a6351a7d2906ff3bc7c5c9ede1c0f01?s=96&d=mm&r=g\",\"url\":\"https:\\\/\\\/secure.gravatar.com\\\/avatar\\\/a2fe047be8cceab00882eda5dba22bea5a6351a7d2906ff3bc7c5c9ede1c0f01?s=96&d=mm&r=g\",\"contentUrl\":\"https:\\\/\\\/secure.gravatar.com\\\/avatar\\\/a2fe047be8cceab00882eda5dba22bea5a6351a7d2906ff3bc7c5c9ede1c0f01?s=96&d=mm&r=g\",\"caption\":\"Brian\"},\"description\":\"Content Marketing Specialist for the Photovoltaic Industry Dedicated to providing thought-provoking articles on the PV industry\",\"sameAs\":[\"http:\\\/\\\/wwww.maysunsolar.com\",\"https:\\\/\\\/www.facebook.com\\\/Maysunsolarglobal\\\/\",\"https:\\\/\\\/www.linkedin.com\\\/newsletters\\\/maysun-daily-7071768886148222976\\\/\"],\"url\":\"https:\\\/\\\/www.maysunsolar.com\\\/cs\\\/author\\\/brian\\\/\"}]}<\/script>\n<!-- \/ Yoast SEO plugin. -->","yoast_head_json":{"title":"Vytv\u00e1\u0159\u00ed fotovoltaick\u00e1 elektr\u00e1rna hlukov\u00e9 zne\u010di\u0161t\u011bn\u00ed? - Professional Distributed PV Module Manufacturer","description":"Hluk fotovoltaick\u00e9 elektr\u00e1rny: skute\u010dn\u00e9 zdroje hluku, technick\u00e1 \u0159e\u0161en\u00ed jeho omezen\u00ed a p\u0159ehled evropsk\u00fdch norem a po\u017eadavk\u016f na shodu.","robots":{"index":"index","follow":"follow","max-snippet":"max-snippet:-1","max-image-preview":"max-image-preview:large","max-video-preview":"max-video-preview:-1"},"canonical":"https:\/\/www.maysunsolar.com\/cs\/hluk-fotovoltaicke-elektrarny-zdroje-a-reseni\/","og_locale":"cs_CZ","og_type":"article","og_title":"Vytv\u00e1\u0159\u00ed fotovoltaick\u00e1 elektr\u00e1rna hlukov\u00e9 zne\u010di\u0161t\u011bn\u00ed? - Professional Distributed PV Module Manufacturer","og_description":"Hluk fotovoltaick\u00e9 elektr\u00e1rny: skute\u010dn\u00e9 zdroje hluku, technick\u00e1 \u0159e\u0161en\u00ed jeho omezen\u00ed a p\u0159ehled evropsk\u00fdch norem a po\u017eadavk\u016f na shodu.","og_url":"https:\/\/www.maysunsolar.com\/cs\/hluk-fotovoltaicke-elektrarny-zdroje-a-reseni\/","og_site_name":"Professional Distributed PV Module Manufacturer","article_author":"https:\/\/www.facebook.com\/Maysunsolarglobal\/","article_published_time":"2025-12-23T03:03:57+00:00","article_modified_time":"2025-12-23T08:34:12+00:00","og_image":[{"width":1920,"height":620,"url":"https:\/\/www.maysunsolar.com\/wp-content\/uploads\/2025\/12\/cover-4.webp","type":"image\/jpeg"}],"author":"Brian","twitter_card":"summary_large_image","twitter_misc":{"Napsal(a)":"Brian","Odhadovan\u00e1 doba \u010dten\u00ed":"14 minut"},"schema":{"@context":"https:\/\/schema.org","@graph":[{"@type":"Article","@id":"https:\/\/www.maysunsolar.com\/cs\/hluk-fotovoltaicke-elektrarny-zdroje-a-reseni\/#article","isPartOf":{"@id":"https:\/\/www.maysunsolar.com\/cs\/hluk-fotovoltaicke-elektrarny-zdroje-a-reseni\/"},"author":{"name":"Brian","@id":"https:\/\/www.maysunsolar.com\/cs\/#\/schema\/person\/fdfb4709ee9cc4cfa57e755ed9c1ae1a"},"headline":"Vytv\u00e1\u0159\u00ed fotovoltaick\u00e1 elektr\u00e1rna hlukov\u00e9 zne\u010di\u0161t\u011bn\u00ed?","datePublished":"2025-12-23T03:03:57+00:00","dateModified":"2025-12-23T08:34:12+00:00","mainEntityOfPage":{"@id":"https:\/\/www.maysunsolar.com\/cs\/hluk-fotovoltaicke-elektrarny-zdroje-a-reseni\/"},"wordCount":2625,"commentCount":0,"publisher":{"@id":"https:\/\/www.maysunsolar.com\/cs\/#organization"},"image":{"@id":"https:\/\/www.maysunsolar.com\/cs\/hluk-fotovoltaicke-elektrarny-zdroje-a-reseni\/#primaryimage"},"thumbnailUrl":"https:\/\/www.maysunsolar.com\/wp-content\/uploads\/2025\/12\/cover-4.webp","keywords":["environment\u00e1ln\u00ed hluk","fotovoltaick\u00e1 elektr\u00e1rna","hluk a vibrace","technick\u00e9 normy EU"],"articleSection":["Novinky z oboru","Sol\u00e1rn\u00ed technologie","Uncategorized @cs"],"inLanguage":"cs","potentialAction":[{"@type":"CommentAction","name":"Comment","target":["https:\/\/www.maysunsolar.com\/cs\/hluk-fotovoltaicke-elektrarny-zdroje-a-reseni\/#respond"]}]},{"@type":"WebPage","@id":"https:\/\/www.maysunsolar.com\/cs\/hluk-fotovoltaicke-elektrarny-zdroje-a-reseni\/","url":"https:\/\/www.maysunsolar.com\/cs\/hluk-fotovoltaicke-elektrarny-zdroje-a-reseni\/","name":"Vytv\u00e1\u0159\u00ed fotovoltaick\u00e1 elektr\u00e1rna hlukov\u00e9 zne\u010di\u0161t\u011bn\u00ed? - Professional Distributed PV Module Manufacturer","isPartOf":{"@id":"https:\/\/www.maysunsolar.com\/cs\/#website"},"primaryImageOfPage":{"@id":"https:\/\/www.maysunsolar.com\/cs\/hluk-fotovoltaicke-elektrarny-zdroje-a-reseni\/#primaryimage"},"image":{"@id":"https:\/\/www.maysunsolar.com\/cs\/hluk-fotovoltaicke-elektrarny-zdroje-a-reseni\/#primaryimage"},"thumbnailUrl":"https:\/\/www.maysunsolar.com\/wp-content\/uploads\/2025\/12\/cover-4.webp","datePublished":"2025-12-23T03:03:57+00:00","dateModified":"2025-12-23T08:34:12+00:00","description":"Hluk fotovoltaick\u00e9 elektr\u00e1rny: skute\u010dn\u00e9 zdroje hluku, technick\u00e1 \u0159e\u0161en\u00ed jeho omezen\u00ed a p\u0159ehled evropsk\u00fdch norem a po\u017eadavk\u016f na shodu.","breadcrumb":{"@id":"https:\/\/www.maysunsolar.com\/cs\/hluk-fotovoltaicke-elektrarny-zdroje-a-reseni\/#breadcrumb"},"inLanguage":"cs","potentialAction":[{"@type":"ReadAction","target":["https:\/\/www.maysunsolar.com\/cs\/hluk-fotovoltaicke-elektrarny-zdroje-a-reseni\/"]}]},{"@type":"ImageObject","inLanguage":"cs","@id":"https:\/\/www.maysunsolar.com\/cs\/hluk-fotovoltaicke-elektrarny-zdroje-a-reseni\/#primaryimage","url":"https:\/\/www.maysunsolar.com\/wp-content\/uploads\/2025\/12\/cover-4.webp","contentUrl":"https:\/\/www.maysunsolar.com\/wp-content\/uploads\/2025\/12\/cover-4.webp","width":1920,"height":620,"caption":"Do photovoltaic power plants cause noise pollution?"},{"@type":"BreadcrumbList","@id":"https:\/\/www.maysunsolar.com\/cs\/hluk-fotovoltaicke-elektrarny-zdroje-a-reseni\/#breadcrumb","itemListElement":[{"@type":"ListItem","position":1,"name":"Home","item":"https:\/\/www.maysunsolar.com\/cs\/"},{"@type":"ListItem","position":2,"name":"Vytv\u00e1\u0159\u00ed fotovoltaick\u00e1 elektr\u00e1rna hlukov\u00e9 zne\u010di\u0161t\u011bn\u00ed?"}]},{"@type":"WebSite","@id":"https:\/\/www.maysunsolar.com\/cs\/#website","url":"https:\/\/www.maysunsolar.com\/cs\/","name":"Professional Photovoltaic Panel Manufacturer","description":"","publisher":{"@id":"https:\/\/www.maysunsolar.com\/cs\/#organization"},"potentialAction":[{"@type":"SearchAction","target":{"@type":"EntryPoint","urlTemplate":"https:\/\/www.maysunsolar.com\/cs\/?s={search_term_string}"},"query-input":{"@type":"PropertyValueSpecification","valueRequired":true,"valueName":"search_term_string"}}],"inLanguage":"cs"},{"@type":"Organization","@id":"https:\/\/www.maysunsolar.com\/cs\/#organization","name":"Maysun Solar","url":"https:\/\/www.maysunsolar.com\/cs\/","logo":{"@type":"ImageObject","inLanguage":"cs","@id":"https:\/\/www.maysunsolar.com\/cs\/#\/schema\/logo\/image\/","url":"https:\/\/www.maysunsolar.com\/wp-content\/uploads\/2023\/12\/\u516c\u53f8logo\u900f\u660e\u5e95\u7f51\u7ad9\u5c0f\u5934\u50cf.png","contentUrl":"https:\/\/www.maysunsolar.com\/wp-content\/uploads\/2023\/12\/\u516c\u53f8logo\u900f\u660e\u5e95\u7f51\u7ad9\u5c0f\u5934\u50cf.png","width":200,"height":200,"caption":"Maysun Solar"},"image":{"@id":"https:\/\/www.maysunsolar.com\/cs\/#\/schema\/logo\/image\/"}},{"@type":"Person","@id":"https:\/\/www.maysunsolar.com\/cs\/#\/schema\/person\/fdfb4709ee9cc4cfa57e755ed9c1ae1a","name":"Brian","image":{"@type":"ImageObject","inLanguage":"cs","@id":"https:\/\/secure.gravatar.com\/avatar\/a2fe047be8cceab00882eda5dba22bea5a6351a7d2906ff3bc7c5c9ede1c0f01?s=96&d=mm&r=g","url":"https:\/\/secure.gravatar.com\/avatar\/a2fe047be8cceab00882eda5dba22bea5a6351a7d2906ff3bc7c5c9ede1c0f01?s=96&d=mm&r=g","contentUrl":"https:\/\/secure.gravatar.com\/avatar\/a2fe047be8cceab00882eda5dba22bea5a6351a7d2906ff3bc7c5c9ede1c0f01?s=96&d=mm&r=g","caption":"Brian"},"description":"Content Marketing Specialist for the Photovoltaic Industry Dedicated to providing thought-provoking articles on the PV industry","sameAs":["http:\/\/wwww.maysunsolar.com","https:\/\/www.facebook.com\/Maysunsolarglobal\/","https:\/\/www.linkedin.com\/newsletters\/maysun-daily-7071768886148222976\/"],"url":"https:\/\/www.maysunsolar.com\/cs\/author\/brian\/"}]}},"uagb_featured_image_src":{"full":["https:\/\/www.maysunsolar.com\/wp-content\/uploads\/2025\/12\/cover-4.webp",1920,620,false],"thumbnail":["https:\/\/www.maysunsolar.com\/wp-content\/uploads\/2025\/12\/cover-4-150x150.webp",150,150,true],"medium":["https:\/\/www.maysunsolar.com\/wp-content\/uploads\/2025\/12\/cover-4-300x97.webp",300,97,true],"medium_large":["https:\/\/www.maysunsolar.com\/wp-content\/uploads\/2025\/12\/cover-4-768x248.webp",768,248,true],"large":["https:\/\/www.maysunsolar.com\/wp-content\/uploads\/2025\/12\/cover-4-1024x331.webp",1024,331,true],"1536x1536":["https:\/\/www.maysunsolar.com\/wp-content\/uploads\/2025\/12\/cover-4-1536x496.webp",1536,496,true],"2048x2048":["https:\/\/www.maysunsolar.com\/wp-content\/uploads\/2025\/12\/cover-4.webp",1920,620,false],"menu-24x24":["https:\/\/www.maysunsolar.com\/wp-content\/uploads\/2025\/12\/cover-4-24x8.webp",24,8,true],"menu-36x36":["https:\/\/www.maysunsolar.com\/wp-content\/uploads\/2025\/12\/cover-4-36x12.webp",36,12,true],"menu-48x48":["https:\/\/www.maysunsolar.com\/wp-content\/uploads\/2025\/12\/cover-4-48x16.webp",48,16,true]},"uagb_author_info":{"display_name":"Brian","author_link":"https:\/\/www.maysunsolar.com\/cs\/author\/brian\/"},"uagb_comment_info":0,"uagb_excerpt":"Hluk fotovoltaick\u00e9 elektr\u00e1rny nen\u00ed d\u00e1n samotn\u00fdmi moduly, ale souvis\u00ed p\u0159edev\u0161\u00edm s n\u00e1vrhem syst\u00e9mu a rozm\u00edst\u011bn\u00edm za\u0159\u00edzen\u00ed. D\u00edky vhodn\u00e9mu pl\u00e1nov\u00e1n\u00ed a technick\u00fdm opat\u0159en\u00edm lze hladinu hluku obvykle udr\u017eet v souladu s platn\u00fdmi p\u0159edpisy.","_links":{"self":[{"href":"https:\/\/www.maysunsolar.com\/cs\/wp-json\/wp\/v2\/posts\/71738","targetHints":{"allow":["GET"]}}],"collection":[{"href":"https:\/\/www.maysunsolar.com\/cs\/wp-json\/wp\/v2\/posts"}],"about":[{"href":"https:\/\/www.maysunsolar.com\/cs\/wp-json\/wp\/v2\/types\/post"}],"author":[{"embeddable":true,"href":"https:\/\/www.maysunsolar.com\/cs\/wp-json\/wp\/v2\/users\/1"}],"replies":[{"embeddable":true,"href":"https:\/\/www.maysunsolar.com\/cs\/wp-json\/wp\/v2\/comments?post=71738"}],"version-history":[{"count":4,"href":"https:\/\/www.maysunsolar.com\/cs\/wp-json\/wp\/v2\/posts\/71738\/revisions"}],"predecessor-version":[{"id":71742,"href":"https:\/\/www.maysunsolar.com\/cs\/wp-json\/wp\/v2\/posts\/71738\/revisions\/71742"}],"wp:featuredmedia":[{"embeddable":true,"href":"https:\/\/www.maysunsolar.com\/cs\/wp-json\/wp\/v2\/media\/71721"}],"wp:attachment":[{"href":"https:\/\/www.maysunsolar.com\/cs\/wp-json\/wp\/v2\/media?parent=71738"}],"wp:term":[{"taxonomy":"category","embeddable":true,"href":"https:\/\/www.maysunsolar.com\/cs\/wp-json\/wp\/v2\/categories?post=71738"},{"taxonomy":"post_tag","embeddable":true,"href":"https:\/\/www.maysunsolar.com\/cs\/wp-json\/wp\/v2\/tags?post=71738"}],"curies":[{"name":"wp","href":"https:\/\/api.w.org\/{rel}","templated":true}]}}