{"id":72593,"date":"2026-03-12T15:00:00","date_gmt":"2026-03-12T07:00:00","guid":{"rendered":"https:\/\/www.maysunsolar.com\/?p=72593"},"modified":"2026-03-12T15:07:23","modified_gmt":"2026-03-12T07:07:23","slug":"degradace-solarnich-panelu-v-prubehu-casu","status":"publish","type":"post","link":"https:\/\/www.maysunsolar.com\/cs\/degradace-solarnich-panelu-v-prubehu-casu\/","title":{"rendered":"Ztr\u00e1cej\u00ed fotovoltaick\u00e9 panely \u00fa\u010dinnost s postupem \u010dasu?"},"content":{"rendered":"\t\t<div data-elementor-type=\"wp-post\" data-elementor-id=\"72593\" class=\"elementor elementor-72593 elementor-72577\" data-elementor-post-type=\"post\">\n\t\t\t\t\t\t<section class=\"elementor-section elementor-top-section elementor-element elementor-element-af3a245 elementor-section-boxed elementor-section-height-default elementor-section-height-default\" data-id=\"af3a245\" data-element_type=\"section\" data-e-type=\"section\">\n\t\t\t\t\t\t<div class=\"elementor-container elementor-column-gap-default\">\n\t\t\t\t\t<div class=\"elementor-column elementor-col-100 elementor-top-column elementor-element elementor-element-fff6eb7\" data-id=\"fff6eb7\" data-element_type=\"column\" data-e-type=\"column\">\n\t\t\t<div class=\"elementor-widget-wrap elementor-element-populated\">\n\t\t\t\t\t\t<div class=\"elementor-element elementor-element-ef182c1 elementor-widget elementor-widget-text-editor\" data-id=\"ef182c1\" data-element_type=\"widget\" data-e-type=\"widget\" data-widget_type=\"text-editor.default\">\n\t\t\t\t<div class=\"elementor-widget-container\">\n\t\t\t\t\t\t\t\t\t<p>Ano. B\u011bhem dlouhodob\u00e9ho provozu se u <strong data-start=\"542\" data-end=\"568\">fotovoltaick\u00fdch panel\u016f<\/strong> obvykle objevuje ur\u010dit\u00fd pokles \u00fa\u010dinnosti. Tento proces je v\u0161ak v\u011bt\u0161inou <strong data-start=\"641\" data-end=\"675\">pom\u011brn\u011b pomal\u00fd a p\u0159edv\u00eddateln\u00fd<\/strong>. D\u016fle\u017eit\u011bj\u0161\u00ed ne\u017e samotn\u00e1 existence degradace je to, zda je jej\u00ed tempo stabiln\u00ed a zda m\u00e1 v\u00fdznamn\u00fd vliv na dlouhodobou v\u00fdrobu elekt\u0159iny ve <strong data-start=\"813\" data-end=\"839\">fotovoltaick\u00e9m syst\u00e9mu<\/strong>.<\/p>\t\t\t\t\t\t\t\t<\/div>\n\t\t\t\t<\/div>\n\t\t\t\t\t<\/div>\n\t\t<\/div>\n\t\t\t\t\t<\/div>\n\t\t<\/section>\n\t\t\t\t<section class=\"elementor-section elementor-top-section elementor-element elementor-element-20f0ab4 elementor-section-boxed elementor-section-height-default elementor-section-height-default\" data-id=\"20f0ab4\" data-element_type=\"section\" data-e-type=\"section\">\n\t\t\t\t\t\t<div class=\"elementor-container elementor-column-gap-default\">\n\t\t\t\t\t<div class=\"elementor-column elementor-col-100 elementor-top-column elementor-element elementor-element-7f632a9\" data-id=\"7f632a9\" data-element_type=\"column\" data-e-type=\"column\">\n\t\t\t<div class=\"elementor-widget-wrap elementor-element-populated\">\n\t\t\t\t\t\t<div class=\"elementor-element elementor-element-ce660e1 elementor-toc--minimized-on-tablet elementor-widget elementor-widget-table-of-contents\" data-id=\"ce660e1\" data-element_type=\"widget\" data-e-type=\"widget\" data-settings=\"{&quot;headings_by_tags&quot;:[&quot;h2&quot;],&quot;exclude_headings_by_selector&quot;:[],&quot;no_headings_message&quot;:&quot;No headings were found on this page.&quot;,&quot;marker_view&quot;:&quot;numbers&quot;,&quot;minimize_box&quot;:&quot;yes&quot;,&quot;minimized_on&quot;:&quot;tablet&quot;,&quot;hierarchical_view&quot;:&quot;yes&quot;,&quot;min_height&quot;:{&quot;unit&quot;:&quot;px&quot;,&quot;size&quot;:&quot;&quot;,&quot;sizes&quot;:[]},&quot;min_height_tablet&quot;:{&quot;unit&quot;:&quot;px&quot;,&quot;size&quot;:&quot;&quot;,&quot;sizes&quot;:[]},&quot;min_height_mobile&quot;:{&quot;unit&quot;:&quot;px&quot;,&quot;size&quot;:&quot;&quot;,&quot;sizes&quot;:[]}}\" data-widget_type=\"table-of-contents.default\">\n\t\t\t\t<div class=\"elementor-widget-container\">\n\t\t\t\t\t\t\t\t\t<div class=\"elementor-toc__header\">\n\t\t\t\t\t\t<h2 class=\"elementor-toc__header-title\">\n\t\t\t\tTable of Contents\t\t\t<\/h2>\n\t\t\t\t\t\t\t\t\t\t<div class=\"elementor-toc__toggle-button elementor-toc__toggle-button--expand\" role=\"button\" tabindex=\"0\" aria-controls=\"elementor-toc__ce660e1\" aria-expanded=\"true\" aria-label=\"Open table of contents\"><i aria-hidden=\"true\" class=\"fas fa-chevron-down\"><\/i><\/div>\n\t\t\t\t<div class=\"elementor-toc__toggle-button elementor-toc__toggle-button--collapse\" role=\"button\" tabindex=\"0\" aria-controls=\"elementor-toc__ce660e1\" aria-expanded=\"true\" aria-label=\"Close table of contents\"><i aria-hidden=\"true\" class=\"fas fa-chevron-up\"><\/i><\/div>\n\t\t\t\t\t<\/div>\n\t\t\t\t<div id=\"elementor-toc__ce660e1\" class=\"elementor-toc__body\">\n\t\t\t<div class=\"elementor-toc__spinner-container\">\n\t\t\t\t<i class=\"elementor-toc__spinner eicon-animation-spin eicon-loading\" aria-hidden=\"true\"><\/i>\t\t\t<\/div>\n\t\t<\/div>\n\t\t\t\t\t\t<\/div>\n\t\t\t\t<\/div>\n\t\t\t\t\t<\/div>\n\t\t<\/div>\n\t\t\t\t\t<\/div>\n\t\t<\/section>\n\t\t\t\t<section class=\"elementor-section elementor-top-section elementor-element elementor-element-246c186 elementor-section-boxed elementor-section-height-default elementor-section-height-default\" data-id=\"246c186\" data-element_type=\"section\" data-e-type=\"section\">\n\t\t\t\t\t\t<div class=\"elementor-container elementor-column-gap-default\">\n\t\t\t\t\t<div class=\"elementor-column elementor-col-100 elementor-top-column elementor-element elementor-element-ee134b2\" data-id=\"ee134b2\" data-element_type=\"column\" data-e-type=\"column\">\n\t\t\t<div class=\"elementor-widget-wrap elementor-element-populated\">\n\t\t\t\t\t\t<div class=\"elementor-element elementor-element-aaeb374 elementor-widget elementor-widget-text-editor\" data-id=\"aaeb374\" data-element_type=\"widget\" data-e-type=\"widget\" data-widget_type=\"text-editor.default\">\n\t\t\t\t<div class=\"elementor-widget-container\">\n\t\t\t\t\t\t\t\t\t<p><em>Pokud se chcete podrobn\u011bji sezn\u00e1mit s <strong data-start=\"1058\" data-end=\"1170\">degradac\u00ed v prvn\u00edm roce, line\u00e1rn\u00ed degradac\u00ed a rozd\u00edly mezi jednotliv\u00fdmi technologiemi fotovoltaick\u00fdch panel\u016f<\/strong>, m\u016f\u017eete si p\u0159e\u010d\u00edst tak\u00e9 \u010dl\u00e1nek <a href=\"https:\/\/www.maysunsolar.com\/blog-2023-guide-of-understanding-solar-panel-degradation-2\/\"><strong data-start=\"1202\" data-end=\"1243\">\u201ePr\u016fvodce degradac\u00ed sol\u00e1rn\u00edch panel\u016f\u201c<\/strong><\/a>.\u00a0<\/em><\/p>\t\t\t\t\t\t\t\t<\/div>\n\t\t\t\t<\/div>\n\t\t\t\t\t<\/div>\n\t\t<\/div>\n\t\t\t\t\t<\/div>\n\t\t<\/section>\n\t\t\t\t<section class=\"elementor-section elementor-top-section elementor-element elementor-element-f6c4f97 elementor-section-boxed elementor-section-height-default elementor-section-height-default\" data-id=\"f6c4f97\" data-element_type=\"section\" data-e-type=\"section\">\n\t\t\t\t\t\t<div class=\"elementor-container elementor-column-gap-default\">\n\t\t\t\t\t<div class=\"elementor-column elementor-col-100 elementor-top-column elementor-element elementor-element-59acdc6\" data-id=\"59acdc6\" data-element_type=\"column\" data-e-type=\"column\">\n\t\t\t<div class=\"elementor-widget-wrap elementor-element-populated\">\n\t\t\t\t\t\t<div class=\"elementor-element elementor-element-727d2be elementor-widget elementor-widget-text-editor\" data-id=\"727d2be\" data-element_type=\"widget\" data-e-type=\"widget\" data-widget_type=\"text-editor.default\">\n\t\t\t\t<div class=\"elementor-widget-container\">\n\t\t\t\t\t\t\t\t\t<h2 data-section-id=\"hmg0pn\" data-start=\"1251\" data-end=\"1299\">Pro\u010d se \u00fa\u010dinnost sol\u00e1rn\u00edch panel\u016f sni\u017euje<\/h2><p data-start=\"1301\" data-end=\"1781\">\u00da\u010dinnost <strong data-start=\"1310\" data-end=\"1330\">sol\u00e1rn\u00edch panel\u016f<\/strong> se v pr\u016fb\u011bhu \u010dasu sni\u017euje p\u0159edev\u0161\u00edm proto, \u017ee \u010d\u00e1st dopadaj\u00edc\u00edho slune\u010dn\u00edho z\u00e1\u0159en\u00ed ji\u017e nen\u00ed p\u0159em\u011b\u0148ov\u00e1na na elekt\u0159inu tak \u00fa\u010dinn\u011b jako na za\u010d\u00e1tku. Z\u00e1rove\u0148 doch\u00e1z\u00ed ke zvy\u0161ov\u00e1n\u00ed ztr\u00e1t p\u0159i p\u0159enosu elektrick\u00e9 energie uvnit\u0159 <strong data-start=\"1548\" data-end=\"1574\">fotovoltaick\u00e9ho modulu<\/strong>. Nejde o n\u00e1hl\u00e9 selh\u00e1n\u00ed jedn\u00e9 konkr\u00e9tn\u00ed sou\u010d\u00e1sti, ale o postupn\u00e9 zm\u011bny v <strong data-start=\"1647\" data-end=\"1726\">sol\u00e1rn\u00edch \u010dl\u00e1nc\u00edch, zapouzd\u0159ovac\u00edch materi\u00e1lech a propojovac\u00edch struktur\u00e1ch<\/strong>, kter\u00e9 vznikaj\u00ed b\u011bhem dlouhodob\u00e9ho venkovn\u00edho provozu.<\/p><p data-start=\"1783\" data-end=\"1844\">Konkr\u00e9tn\u011b lze rozli\u0161it n\u011bkolik hlavn\u00edch mechanism\u016f degradace:<\/p><ul><li data-start=\"1846\" data-end=\"2264\"><strong data-start=\"1846\" data-end=\"1882\">Pokles aktivity sol\u00e1rn\u00edch \u010dl\u00e1nk\u016f<\/strong><br data-start=\"1882\" data-end=\"1885\" \/>P\u0159i dlouhodob\u00e9m p\u016fsoben\u00ed sv\u011btla a teploty se m\u016f\u017ee zv\u00fd\u0161it rekombinace nosi\u010d\u016f n\u00e1boje uvnit\u0159 \u010dl\u00e1nk\u016f. To znamen\u00e1, \u017ee men\u0161\u00ed \u010d\u00e1st vytvo\u0159en\u00fdch elektron\u016f je skute\u010dn\u011b zachycena a odvedena do elektrick\u00e9ho obvodu, co\u017e postupn\u011b sni\u017euje v\u00fdrobn\u00ed schopnost <strong data-start=\"2127\" data-end=\"2153\">fotovoltaick\u00fdch panel\u016f<\/strong>. U n\u011bkter\u00fdch technologick\u00fdch typ\u016f je tento efekt v\u00fdrazn\u011bj\u0161\u00ed v po\u010d\u00e1te\u010dn\u00ed f\u00e1zi provozu a pozd\u011bji se stabilizuje.<\/li><li data-start=\"2266\" data-end=\"2605\"><strong data-start=\"2266\" data-end=\"2307\">Postupn\u00e9 zvy\u0161ov\u00e1n\u00ed elektrick\u00fdch ztr\u00e1t<\/strong><br data-start=\"2307\" data-end=\"2310\" \/>P\u0159i v\u00fdrob\u011b elekt\u0159iny mus\u00ed proud proch\u00e1zet p\u0159es sb\u011brnice, p\u00e1jec\u00ed p\u00e1sky a r\u016fzn\u00e9 spojovac\u00ed body. Pokud v pr\u016fb\u011bhu \u010dasu doch\u00e1z\u00ed k \u00fanav\u011b p\u00e1jen\u00fdch spoj\u016f, st\u00e1rnut\u00ed propojen\u00ed nebo zhor\u0161en\u00ed kontakt\u016f, zvy\u0161uje se vnit\u0159n\u00ed odpor. To vede k v\u011bt\u0161\u00edm ztr\u00e1t\u00e1m energie p\u0159i p\u0159enosu uvnit\u0159 <strong data-start=\"2578\" data-end=\"2604\">fotovoltaick\u00e9ho modulu<\/strong>.<\/li><li data-start=\"2607\" data-end=\"3075\"><strong data-start=\"2607\" data-end=\"2676\">Zhor\u0161en\u00ed propustnosti a ochrann\u00e9 funkce zapouzd\u0159ovac\u00edch materi\u00e1l\u016f<\/strong><br data-start=\"2676\" data-end=\"2679\" \/>Materi\u00e1ly jako sklo, EVA f\u00f3lie nebo zadn\u00ed f\u00f3lie jsou dlouhodob\u011b vystaveny UV z\u00e1\u0159en\u00ed, vysok\u00fdm teplot\u00e1m a vlhkosti. Postupem \u010dasu mohou st\u00e1rnout, \u017eloutnout nebo ztr\u00e1cet sv\u00e9 vlastnosti. V\u00fdsledkem m\u016f\u017ee b\u00fdt men\u0161\u00ed mno\u017estv\u00ed sv\u011btla dopadaj\u00edc\u00edho na <strong data-start=\"2919\" data-end=\"2937\">sol\u00e1rn\u00ed \u010dl\u00e1nky<\/strong> nebo v\u011bt\u0161\u00ed n\u00e1chylnost vnit\u0159n\u00ed struktury k vlhkosti a mechanick\u00e9mu nam\u00e1h\u00e1n\u00ed, co\u017e m\u016f\u017ee negativn\u011b ovlivnit v\u00fdkon <strong data-start=\"3048\" data-end=\"3074\">fotovoltaick\u00e9ho panelu<\/strong>.<\/li><li data-start=\"3077\" data-end=\"3469\"><strong data-start=\"3077\" data-end=\"3124\">Hromad\u011bn\u00ed mikrotrhlin a lok\u00e1ln\u00edch nesoulad\u016f<\/strong><br data-start=\"3124\" data-end=\"3127\" \/>B\u011bhem p\u0159epravy, instalace, p\u016fsoben\u00edm v\u011btru, sn\u011bhu nebo teplotn\u00edch cykl\u016f mohou v <strong data-start=\"3207\" data-end=\"3229\">sol\u00e1rn\u00edch \u010dl\u00e1nc\u00edch<\/strong> \u010di spoj\u00edch vznikat drobn\u00e1 po\u0161kozen\u00ed. Zpo\u010d\u00e1tku nemus\u00ed zp\u016fsobovat viditeln\u00e9 poruchy, ale postupn\u011b mohou v\u00e9st k omezen\u00ed toku proudu, lok\u00e1ln\u00edmu zah\u0159\u00edv\u00e1n\u00ed nebo nerovnom\u011brn\u00e9mu v\u00fdkonu, co\u017e nakonec sni\u017euje celkov\u00fd v\u00fdkon <strong data-start=\"3442\" data-end=\"3468\">fotovoltaick\u00e9ho modulu<\/strong>.<\/li><\/ul>\t\t\t\t\t\t\t\t<\/div>\n\t\t\t\t<\/div>\n\t\t\t\t<div class=\"elementor-element elementor-element-7d67b8a elementor-widget elementor-widget-image\" data-id=\"7d67b8a\" data-element_type=\"widget\" data-e-type=\"widget\" data-widget_type=\"image.default\">\n\t\t\t\t<div class=\"elementor-widget-container\">\n\t\t\t\t\t\t\t\t\t\t\t\t\t\t\t<img fetchpriority=\"high\" decoding=\"async\" width=\"900\" height=\"600\" src=\"https:\/\/www.maysunsolar.com\/wp-content\/uploads\/2026\/03\/900-1-en.png\" class=\"attachment-large size-large wp-image-72580 has-transparency\" alt=\"Solar panel efficiency degradation mechanism diagram showing how environmental stress, material ageing and increased resistive losses reduce solar panel output over time.\" srcset=\"https:\/\/www.maysunsolar.com\/wp-content\/uploads\/2026\/03\/900-1-en.png 900w, https:\/\/www.maysunsolar.com\/wp-content\/uploads\/2026\/03\/900-1-en-300x200.png 300w, https:\/\/www.maysunsolar.com\/wp-content\/uploads\/2026\/03\/900-1-en-768x512.png 768w, https:\/\/www.maysunsolar.com\/wp-content\/uploads\/2026\/03\/900-1-en-24x16.png 24w, https:\/\/www.maysunsolar.com\/wp-content\/uploads\/2026\/03\/900-1-en-36x24.png 36w, https:\/\/www.maysunsolar.com\/wp-content\/uploads\/2026\/03\/900-1-en-48x32.png 48w\" sizes=\"(max-width: 900px) 100vw, 900px\" data-has-transparency=\"true\" data-dominant-color=\"e6e6e6\" style=\"--dominant-color: #e6e6e6\" \/>\t\t\t\t\t\t\t\t\t\t\t\t\t\t\t<\/div>\n\t\t\t\t<\/div>\n\t\t\t\t\t<\/div>\n\t\t<\/div>\n\t\t\t\t\t<\/div>\n\t\t<\/section>\n\t\t\t\t<section class=\"elementor-section elementor-top-section elementor-element elementor-element-83f13c5 elementor-section-boxed elementor-section-height-default elementor-section-height-default\" data-id=\"83f13c5\" data-element_type=\"section\" data-e-type=\"section\">\n\t\t\t\t\t\t<div class=\"elementor-container elementor-column-gap-default\">\n\t\t\t\t\t<div class=\"elementor-column elementor-col-100 elementor-top-column elementor-element elementor-element-9893818\" data-id=\"9893818\" data-element_type=\"column\" data-e-type=\"column\">\n\t\t\t<div class=\"elementor-widget-wrap elementor-element-populated\">\n\t\t\t\t\t\t<div class=\"elementor-element elementor-element-827406b elementor-widget elementor-widget-text-editor\" data-id=\"827406b\" data-element_type=\"widget\" data-e-type=\"widget\" data-widget_type=\"text-editor.default\">\n\t\t\t\t<div class=\"elementor-widget-container\">\n\t\t\t\t\t\t\t\t\t<h2 data-start=\"0\" data-end=\"53\"><strong data-start=\"0\" data-end=\"53\">Jak\u00e9 faktory ovliv\u0148uj\u00ed rychlost poklesu v\u00fdkonu<\/strong><\/h2><p data-start=\"55\" data-end=\"367\">P\u0159esto\u017ee u <strong data-start=\"66\" data-end=\"86\">sol\u00e1rn\u00edch panel\u016f<\/strong> doch\u00e1z\u00ed v pr\u016fb\u011bhu \u010dasu k ur\u010dit\u00e9mu poklesu \u00fa\u010dinnosti, rychlost tohoto procesu se m\u016f\u017ee mezi jednotliv\u00fdmi projekty v\u00fdrazn\u011b li\u0161it. Tyto rozd\u00edly jsou obvykle ovlivn\u011bny <strong data-start=\"250\" data-end=\"366\">technologickou konstrukc\u00ed panelu, strukturou zapouzd\u0159en\u00ed, instala\u010dn\u00edm prost\u0159ed\u00edm a provozn\u00edmi podm\u00ednkami syst\u00e9mu<\/strong>.<\/p><p data-start=\"369\" data-end=\"393\"><strong data-start=\"369\" data-end=\"393\">Z \u010dasov\u00e9ho hlediska:<\/strong><\/p><ul data-start=\"395\" data-end=\"843\"><li data-section-id=\"1l89t50\" data-start=\"395\" data-end=\"485\"><p data-start=\"397\" data-end=\"485\"><strong data-start=\"397\" data-end=\"418\">Prvn\u00ed rok provozu<\/strong> je \u010dasto kl\u00ed\u010dov\u00fdm obdob\u00edm pro sledov\u00e1n\u00ed po\u010d\u00e1te\u010dn\u00edch zm\u011bn v\u00fdkonu.<\/p><\/li><li data-section-id=\"efn95\" data-start=\"486\" data-end=\"642\"><p data-start=\"488\" data-end=\"642\">Po vstupu do <strong data-start=\"501\" data-end=\"542\">st\u0159edn\u011bdob\u00e9 a dlouhodob\u00e9 f\u00e1ze provozu<\/strong>, pokud je stav panelu stabiln\u00ed, se pokles \u00fa\u010dinnosti obvykle zm\u011bn\u00ed na pomalej\u0161\u00ed a postupn\u00fd proces.<\/p><\/li><li data-section-id=\"4colpq\" data-start=\"643\" data-end=\"843\"><p data-start=\"645\" data-end=\"843\">Po <strong data-start=\"648\" data-end=\"679\">5\u201310 letech nebo del\u0161\u00ed dob\u011b<\/strong> se mohou za\u010d\u00edt v\u00fdrazn\u011bji projevovat rozd\u00edly mezi jednotliv\u00fdmi <strong data-start=\"742\" data-end=\"768\">fotovoltaick\u00fdmi moduly<\/strong>, zejm\u00e9na v oblasti pou\u017eit\u00fdch materi\u00e1l\u016f, konstrukce a dlouhodob\u00e9 stability.<\/p><\/li><\/ul><p data-start=\"845\" data-end=\"882\"><strong data-start=\"845\" data-end=\"882\">Z hlediska klimatick\u00fdch podm\u00ednek:<\/strong><\/p><ul data-start=\"884\" data-end=\"1376\"><li data-section-id=\"2f238d\" data-start=\"884\" data-end=\"982\"><p data-start=\"886\" data-end=\"982\"><strong data-start=\"886\" data-end=\"914\">Vysok\u00e9 teploty na st\u0159e\u0161e<\/strong> mohou zesilovat tepeln\u00e9 nam\u00e1h\u00e1n\u00ed a urychlovat st\u00e1rnut\u00ed materi\u00e1l\u016f.<\/p><\/li><li data-section-id=\"1sc06re\" data-start=\"983\" data-end=\"1117\"><p data-start=\"985\" data-end=\"1117\"><strong data-start=\"985\" data-end=\"1036\">Vysok\u00e1 vlhkost, pob\u0159e\u017en\u00ed prost\u0159ed\u00ed a slan\u00e1 mlha<\/strong> kladou v\u011bt\u0161\u00ed n\u00e1roky na dlouhodobou stabilitu zapouzd\u0159en\u00ed a elektrick\u00fdch spoj\u016f.<\/p><\/li><li data-section-id=\"zywfx4\" data-start=\"1118\" data-end=\"1208\"><p data-start=\"1120\" data-end=\"1208\"><strong data-start=\"1120\" data-end=\"1139\">Siln\u00e9 UV z\u00e1\u0159en\u00ed<\/strong> dlouhodob\u011b prov\u011b\u0159uje odolnost materi\u00e1l\u016f v\u016f\u010di pov\u011btrnostn\u00edm vliv\u016fm.<\/p><\/li><li data-section-id=\"1nqyn3v\" data-start=\"1209\" data-end=\"1376\"><p data-start=\"1211\" data-end=\"1376\"><strong data-start=\"1211\" data-end=\"1256\">Velk\u00e9 rozd\u00edly mezi denn\u00ed a no\u010dn\u00ed teplotou<\/strong> a \u010dast\u00e9 teplotn\u00ed cykly mohou zvy\u0161ovat riziko \u00fanavy p\u00e1jen\u00fdch spoj\u016f a vzniku mikrotrhlin ve <strong data-start=\"1347\" data-end=\"1375\">fotovoltaick\u00fdch panelech<\/strong>.<\/p><\/li><\/ul><p data-start=\"1378\" data-end=\"1544\" data-is-last-node=\"\" data-is-only-node=\"\">Pokles \u00fa\u010dinnosti <strong data-start=\"1395\" data-end=\"1421\">fotovoltaick\u00fdch panel\u016f<\/strong> proto nen\u00ed d\u00e1n pouze dobou provozu. Je v\u00fdsledkem <strong data-start=\"1471\" data-end=\"1543\">kombinace \u010dasu a konkr\u00e9tn\u00edch provozn\u00edch a environment\u00e1ln\u00edch podm\u00ednek<\/strong>.<\/p>\t\t\t\t\t\t\t\t<\/div>\n\t\t\t\t<\/div>\n\t\t\t\t<div class=\"elementor-element elementor-element-cf6345e elementor-widget elementor-widget-html\" data-id=\"cf6345e\" data-element_type=\"widget\" data-e-type=\"widget\" data-widget_type=\"html.default\">\n\t\t\t\t<div class=\"elementor-widget-container\">\n\t\t\t\t\t<style>\r\n  .ms-tech-compare {\r\n    font-family: Inter, Arial, sans-serif;\r\n    font-size: 16px;\r\n    line-height: 1.7;\r\n    color: #222;\r\n  }\r\n\r\n  .ms-tech-compare p {\r\n    margin: 0 0 14px 0;\r\n  }\r\n\r\n  .ms-tech-compare .ms-note {\r\n    margin-top: 12px;\r\n    font-size: 14px;\r\n    color: #666;\r\n  }\r\n\r\n  .ms-tech-table {\r\n    width: 100%;\r\n    border-collapse: collapse;\r\n    border: 1px solid #d9d9d9;\r\n    font-family: Inter, Arial, sans-serif;\r\n    font-size: 15px;\r\n    line-height: 1.6;\r\n  }\r\n\r\n  .ms-tech-table th,\r\n  .ms-tech-table td {\r\n    border: 1px solid #d9d9d9;\r\n    padding: 10px 12px;\r\n    text-align: center;\r\n    vertical-align: middle;\r\n  }\r\n\r\n  .ms-tech-table th {\r\n    background-color: #f5f5f5;\r\n    font-weight: 600;\r\n  }\r\n<\/style>\r\n\r\n<div class=\"ms-tech-compare\">\r\n  <h3>Srovn\u00e1n\u00ed dlouhodob\u00e9ho v\u00fdkonu r\u016fzn\u00fdch technologick\u00fdch typ\u016f:<\/h3>\r\n\r\n  <table class=\"ms-tech-table\">\r\n    <thead>\r\n      <tr>\r\n        <th>Technologie<\/th>\r\n        <th>Struktura zapouzd\u0159en\u00ed<\/th>\r\n        <th>Degradace v prvn\u00edm roce (%)<\/th>\r\n        <th>Pr\u016fm\u011brn\u00e1 ro\u010dn\u00ed degradace (%\/rok)<\/th>\r\n        <th>Teplotn\u00ed koeficient (%\/\u2103)<\/th>\r\n      <\/tr>\r\n    <\/thead>\r\n    <tbody>\r\n      <tr>\r\n        <td>IBC<\/td>\r\n        <td>Jednostrann\u00e9 sklo<\/td>\r\n        <td>cca 1.5<\/td>\r\n        <td>cca 0.4<\/td>\r\n        <td>cca -0.29<\/td>\r\n      <\/tr>\r\n      <tr>\r\n        <td>TOPCon<\/td>\r\n        <td>Oboustrann\u00e9 sklo-sklo<\/td>\r\n        <td>cca 1.5<\/td>\r\n        <td>cca 0.4<\/td>\r\n        <td>cca -0.29\uff5e-0.32<\/td>\r\n      <\/tr>\r\n      <tr>\r\n        <td>HJT<\/td>\r\n        <td>Oboustrann\u00e9 sklo-sklo<\/td>\r\n        <td>cca 1.0<\/td>\r\n        <td>cca 0.35<\/td>\r\n        <td>cca -0.243<\/td>\r\n      <\/tr>\r\n    <\/tbody>\r\n  <\/table>\r\n\r\n  <p class=\"ms-note\">Pozn\u00e1mka: V\u00fd\u0161e uveden\u00e9 hodnoty jsou typick\u00e9 referen\u010dn\u00ed \u00fadaje. Konkr\u00e9tn\u00ed parametry naleznete v technick\u00e9m listu dan\u00e9ho produktu.<\/p>\r\n<\/div>\t\t\t\t<\/div>\n\t\t\t\t<\/div>\n\t\t\t\t\t<\/div>\n\t\t<\/div>\n\t\t\t\t\t<\/div>\n\t\t<\/section>\n\t\t\t\t<section class=\"elementor-section elementor-top-section elementor-element elementor-element-9044e1f elementor-section-boxed elementor-section-height-default elementor-section-height-default\" data-id=\"9044e1f\" data-element_type=\"section\" data-e-type=\"section\">\n\t\t\t\t\t\t<div class=\"elementor-container elementor-column-gap-default\">\n\t\t\t\t\t<div class=\"elementor-column elementor-col-100 elementor-top-column elementor-element elementor-element-ae460d5\" data-id=\"ae460d5\" data-element_type=\"column\" data-e-type=\"column\">\n\t\t\t<div class=\"elementor-widget-wrap elementor-element-populated\">\n\t\t\t\t\t\t<div class=\"elementor-element elementor-element-d461b26 elementor-widget elementor-widget-text-editor\" data-id=\"d461b26\" data-element_type=\"widget\" data-e-type=\"widget\" data-widget_type=\"text-editor.default\">\n\t\t\t\t<div class=\"elementor-widget-container\">\n\t\t\t\t\t\t\t\t\t<h2 data-section-id=\"1dtsdoq\" data-start=\"0\" data-end=\"51\">Kter\u00e9 \u00fadaje o degradaci je d\u016fle\u017eit\u00e9 sledovat<\/h2><p data-start=\"53\" data-end=\"410\">P\u0159i hodnocen\u00ed dlouhodob\u00e9ho v\u00fdkonu <strong data-start=\"87\" data-end=\"107\">sol\u00e1rn\u00edch panel\u016f<\/strong> nesta\u010d\u00ed sledovat pouze to, zda v\u00fdrobce poskytuje 25letou z\u00e1ruku. D\u016fle\u017eit\u011bj\u0161\u00ed jsou konkr\u00e9tn\u00ed \u00fadaje o degradaci. Kl\u00ed\u010dov\u00fdmi parametry, kter\u00e9 ovliv\u0148uj\u00ed dlouhodobou v\u00fdrobu elekt\u0159iny <strong data-start=\"285\" data-end=\"311\">fotovoltaick\u00fdch panel\u016f<\/strong>, jsou obvykle <strong data-start=\"326\" data-end=\"409\">degradace v prvn\u00edm roce, pr\u016fm\u011brn\u00e1 ro\u010dn\u00ed degradace a dlouhodob\u00e9 zachov\u00e1n\u00ed v\u00fdkonu<\/strong>.<\/p><p data-start=\"412\" data-end=\"843\"><strong data-start=\"412\" data-end=\"439\">Degradace v prvn\u00edm roce<\/strong> vyjad\u0159uje zm\u011bnu v\u00fdkonu panelu v po\u010d\u00e1te\u010dn\u00ed f\u00e1zi provozu. Tento ukazatel je d\u016fle\u017eit\u00fd, proto\u017ee n\u011bkter\u00e9 <strong data-start=\"540\" data-end=\"564\">fotovoltaick\u00e9 moduly<\/strong> mohou v prvn\u00edm roce zaznamenat v\u00fdrazn\u011bj\u0161\u00ed pokles v\u00fdkonu, ne\u017e se stabilizuj\u00ed do pomalej\u0161\u00edho line\u00e1rn\u00edho degrada\u010dn\u00edho trendu. Pokud je degradace v prvn\u00edm roce p\u0159\u00edli\u0161 vysok\u00e1, m\u016f\u017ee to ovlivnit celkovou v\u00fdrobu energie i v p\u0159\u00edpad\u011b, \u017ee n\u00e1sledn\u00e1 ro\u010dn\u00ed degradace z\u016fstane v b\u011b\u017en\u00e9m rozmez\u00ed.<\/p><p data-start=\"845\" data-end=\"1207\"><strong data-start=\"845\" data-end=\"873\">Pr\u016fm\u011brn\u00e1 ro\u010dn\u00ed degradace<\/strong> popisuje rychlost poklesu v\u00fdkonu po stabilizaci provozu. U projekt\u016f s dlouhou \u017eivotnost\u00ed m\u00e1 tento \u00fadaj \u010dasto v\u011bt\u0161\u00ed v\u00fdznam ne\u017e rozd\u00edl v po\u010d\u00e1te\u010dn\u00edm v\u00fdkonu panel\u016f. Po 10, 15 nebo 25 letech toti\u017e re\u00e1ln\u00fd v\u00fdkon syst\u00e9mu v\u00edce z\u00e1vis\u00ed na stabilit\u011b ro\u010dn\u00ed degradace ne\u017e na n\u011bkolika wattech rozd\u00edlu v nomin\u00e1ln\u00edm v\u00fdkonu <strong data-start=\"1180\" data-end=\"1206\">fotovoltaick\u00fdch panel\u016f<\/strong>.<\/p><p data-start=\"1209\" data-end=\"1553\"><strong data-start=\"1209\" data-end=\"1240\">Dlouhodob\u00e9 zachov\u00e1n\u00ed v\u00fdkonu<\/strong> vyjad\u0159uje garantovan\u00fd v\u00fdkon panelu po 25 letech nebo del\u0161\u00ed dob\u011b provozu. Ve srovn\u00e1n\u00ed s pouhou d\u00e9lkou z\u00e1ruky poskytuje tento \u00fadaj lep\u0161\u00ed p\u0159edstavu o skute\u010dn\u00e9 v\u00fdkonov\u00e9 k\u0159ivce <strong data-start=\"1413\" data-end=\"1439\">fotovoltaick\u00e9ho modulu<\/strong>. Z\u00e1ruka ud\u00e1v\u00e1 pouze \u010dasov\u00e9 obdob\u00ed, zat\u00edmco zachov\u00e1n\u00ed v\u00fdkonu l\u00e9pe odr\u00e1\u017e\u00ed dlouhodobou energetickou hodnotu syst\u00e9mu.<\/p><p data-start=\"1555\" data-end=\"1669\">Krom\u011b t\u011bchto t\u0159\u00ed parametr\u016f je tak\u00e9 d\u016fle\u017eit\u00e9 rozli\u0161ovat mezi <strong data-start=\"1615\" data-end=\"1635\">b\u011b\u017enou degradac\u00ed<\/strong> a <strong data-start=\"1638\" data-end=\"1668\">neobvykl\u00fdmi zm\u011bnami v\u00fdkonu<\/strong>.<\/p><p data-start=\"1671\" data-end=\"1701\"><strong data-start=\"1671\" data-end=\"1701\">Obvykle p\u0159ijateln\u00e9 situace<\/strong><\/p><ul data-start=\"1703\" data-end=\"1987\"><li data-section-id=\"gr894p\" data-start=\"1703\" data-end=\"1782\"><p data-start=\"1705\" data-end=\"1782\">V prvn\u00edm roce doch\u00e1z\u00ed k ur\u010dit\u00e9 zm\u011bn\u011b v\u00fdkonu, pot\u00e9 se degradace stabilizuje.<\/p><\/li><li data-section-id=\"1tyaqut\" data-start=\"1783\" data-end=\"1876\"><p data-start=\"1785\" data-end=\"1876\">Pr\u016fm\u011brn\u00e1 ro\u010dn\u00ed degradace z\u016fst\u00e1v\u00e1 na relativn\u011b n\u00edzk\u00e9 \u00farovni a v\u00fdkonov\u00e1 k\u0159ivka je stabiln\u00ed.<\/p><\/li><li data-section-id=\"orkwx0\" data-start=\"1877\" data-end=\"1987\"><p data-start=\"1879\" data-end=\"1987\">Zm\u011bny v\u00fdroby odpov\u00eddaj\u00ed vliv\u016fm, jako jsou teplota, intenzita slune\u010dn\u00edho z\u00e1\u0159en\u00ed, prach nebo sez\u00f3nn\u00ed podm\u00ednky.<\/p><\/li><\/ul><p data-start=\"1989\" data-end=\"2021\"><strong data-start=\"1989\" data-end=\"2021\">Situace vy\u017eaduj\u00edc\u00ed pozornost<\/strong><\/p><ul data-start=\"2023\" data-end=\"2384\"><li data-section-id=\"zyfbq8\" data-start=\"2023\" data-end=\"2096\"><p data-start=\"2025\" data-end=\"2096\">V prvn\u00edch letech provozu doch\u00e1z\u00ed k neobvykle rychl\u00e9mu poklesu v\u00fdkonu.<\/p><\/li><li data-section-id=\"obdcg7\" data-start=\"2097\" data-end=\"2204\"><p data-start=\"2099\" data-end=\"2204\">V r\u00e1mci jednoho projektu se postupn\u011b zv\u011bt\u0161uj\u00ed rozd\u00edly mezi moduly instalovan\u00fdmi v podobn\u00fdch podm\u00ednk\u00e1ch.<\/p><\/li><li data-section-id=\"18w988a\" data-start=\"2205\" data-end=\"2272\"><p data-start=\"2207\" data-end=\"2272\">V\u00fdroba elekt\u0159iny n\u00e1hle v\u00fdrazn\u011b klesne m\u00edsto postupn\u00e9ho poklesu.<\/p><\/li><li data-section-id=\"tihmpp\" data-start=\"2273\" data-end=\"2384\"><p data-start=\"2275\" data-end=\"2384\">Sn\u00ed\u017een\u00ed v\u00fdkonu je doprov\u00e1zeno jevy jako <strong data-start=\"2315\" data-end=\"2383\">hotspoty, PID efekt, poruchy zapouzd\u0159en\u00ed nebo lok\u00e1ln\u00ed p\u0159eh\u0159\u00edv\u00e1n\u00ed<\/strong>.<\/p><\/li><\/ul><p data-start=\"2386\" data-end=\"2698\">P\u0159i hodnocen\u00ed dlouhodob\u00e9ho v\u00fdkonu <strong data-start=\"2420\" data-end=\"2446\">fotovoltaick\u00fdch panel\u016f<\/strong> je proto d\u016fle\u017eit\u00e9 sledovat, <strong data-start=\"2475\" data-end=\"2596\">o kolik v\u00fdkon klesne v prvn\u00edm roce, jak rychle se sni\u017euje ka\u017ed\u00fd dal\u0161\u00ed rok a jak\u00fd v\u00fdkon z\u016fst\u00e1v\u00e1 po dlouhodob\u00e9m provozu<\/strong>. Teprve kombinace t\u011bchto \u00fadaj\u016f umo\u017e\u0148uje p\u0159esn\u011bji posoudit stabilitu panelu v pr\u016fb\u011bhu jeho \u017eivotnosti.<\/p>\t\t\t\t\t\t\t\t<\/div>\n\t\t\t\t<\/div>\n\t\t\t\t<div class=\"elementor-element elementor-element-e8c264e elementor-widget elementor-widget-image\" data-id=\"e8c264e\" data-element_type=\"widget\" data-e-type=\"widget\" data-widget_type=\"image.default\">\n\t\t\t\t<div class=\"elementor-widget-container\">\n\t\t\t\t\t\t\t\t\t\t\t\t\t\t\t<img decoding=\"async\" width=\"900\" height=\"600\" src=\"https:\/\/www.maysunsolar.com\/wp-content\/uploads\/2026\/03\/900-3-en.png\" class=\"attachment-large size-large wp-image-72581 has-transparency\" alt=\"Solar panel degradation curve illustrating first-year degradation, annual degradation and the difference between normal and abnormal degradation in long-term output.\" srcset=\"https:\/\/www.maysunsolar.com\/wp-content\/uploads\/2026\/03\/900-3-en.png 900w, https:\/\/www.maysunsolar.com\/wp-content\/uploads\/2026\/03\/900-3-en-300x200.png 300w, https:\/\/www.maysunsolar.com\/wp-content\/uploads\/2026\/03\/900-3-en-768x512.png 768w, https:\/\/www.maysunsolar.com\/wp-content\/uploads\/2026\/03\/900-3-en-24x16.png 24w, https:\/\/www.maysunsolar.com\/wp-content\/uploads\/2026\/03\/900-3-en-36x24.png 36w, https:\/\/www.maysunsolar.com\/wp-content\/uploads\/2026\/03\/900-3-en-48x32.png 48w\" sizes=\"(max-width: 900px) 100vw, 900px\" data-has-transparency=\"true\" data-dominant-color=\"f8f8f8\" style=\"--dominant-color: #f8f8f8\" \/>\t\t\t\t\t\t\t\t\t\t\t\t\t\t\t<\/div>\n\t\t\t\t<\/div>\n\t\t\t\t<div class=\"elementor-element elementor-element-32309be elementor-widget elementor-widget-text-editor\" data-id=\"32309be\" data-element_type=\"widget\" data-e-type=\"widget\" data-widget_type=\"text-editor.default\">\n\t\t\t\t<div class=\"elementor-widget-container\">\n\t\t\t\t\t\t\t\t\t<h2 data-section-id=\"1t7mv9i\" data-start=\"2905\" data-end=\"2935\">\u010casto kladen\u00e9 ot\u00e1zky (FAQ)<\/h2><p data-start=\"2937\" data-end=\"3198\"><strong data-start=\"2937\" data-end=\"2991\">1. Sni\u017euje se \u00fa\u010dinnost sol\u00e1rn\u00edch panel\u016f ka\u017ed\u00fd rok?<\/strong><br data-start=\"2991\" data-end=\"2994\" \/>Obvykle ano, ale pokles b\u00fdv\u00e1 pomal\u00fd a postupn\u00fd. U v\u011bt\u0161iny projekt\u016f je ur\u010dit\u00e1 m\u00edra degradace <strong data-start=\"3086\" data-end=\"3112\">fotovoltaick\u00fdch panel\u016f<\/strong> norm\u00e1ln\u00ed. D\u016fle\u017eit\u00e9 je p\u0159edev\u0161\u00edm to, zda je tempo poklesu stabiln\u00ed a v b\u011b\u017en\u00e9m rozmez\u00ed.<\/p><p data-start=\"3200\" data-end=\"3558\"><strong data-start=\"3200\" data-end=\"3273\">2. Jak\u00fd je rozd\u00edl mezi degradac\u00ed v prvn\u00edm roce a n\u00e1slednou degradac\u00ed?<\/strong><br data-start=\"3273\" data-end=\"3276\" \/>Degradace v prvn\u00edm roce ozna\u010duje v\u00fdrazn\u011bj\u0161\u00ed zm\u011bnu v\u00fdkonu v po\u010d\u00e1te\u010dn\u00ed f\u00e1zi provozu. N\u00e1sledn\u00e1 degradace je line\u00e1rn\u00ed pokles, kter\u00fd pokra\u010duje ka\u017edoro\u010dn\u011b b\u011bhem stabiln\u00edho provozu. Oba \u00fadaje jsou d\u016fle\u017eit\u00e9: prvn\u00ed ur\u010duje po\u010d\u00e1te\u010dn\u00ed \u00farove\u0148 v\u00fdkonu a druh\u00fd ovliv\u0148uje dlouhodobou v\u00fdrobu energie.<\/p><p data-start=\"3560\" data-end=\"3880\"><strong data-start=\"3560\" data-end=\"3623\">3. M\u016f\u017ee vysok\u00e1 teplota urychlit degradaci sol\u00e1rn\u00edch panel\u016f?<\/strong><br data-start=\"3623\" data-end=\"3626\" \/>V mnoha p\u0159\u00edpadech ano. Dlouhodob\u00e9 vysok\u00e9 teploty zvy\u0161uj\u00ed tepeln\u00e9 nam\u00e1h\u00e1n\u00ed uvnit\u0159 panelu a mohou urychlit st\u00e1rnut\u00ed materi\u00e1l\u016f i elektrick\u00fdch spoj\u016f. U instalac\u00ed na hork\u00fdch st\u0159ech\u00e1ch nebo v prost\u0159ed\u00ed s omezen\u00fdm v\u011btr\u00e1n\u00edm je proto vliv teploty zvl\u00e1\u0161\u0165 d\u016fle\u017eit\u00fd.<\/p><p data-start=\"3882\" data-end=\"4364\"><strong data-start=\"3882\" data-end=\"3963\">4. Znamenaj\u00ed rozd\u00edly ve v\u00fdrob\u011b v prvn\u00edm roce v\u017edy rychlej\u0161\u00ed degradaci panel\u016f?<\/strong><br data-start=\"3963\" data-end=\"3966\" \/>Ne nutn\u011b. Rozd\u00edly ve v\u00fdrob\u011b v po\u010d\u00e1te\u010dn\u00ed f\u00e1zi provozu nemus\u00ed souviset pouze s degradac\u00ed panel\u016f. Mohou b\u00fdt ovlivn\u011bny tak\u00e9 po\u010das\u00edm, intenzitou slune\u010dn\u00edho z\u00e1\u0159en\u00ed, instala\u010dn\u00edm \u00fahlem, ventilac\u00ed nebo provozn\u00edmi podm\u00ednkami syst\u00e9mu. Pro posouzen\u00ed p\u0159\u00edpadn\u00e9 abnorm\u00e1ln\u00ed degradace je obvykle nutn\u00e9 analyzovat v\u00fdrobu v del\u0161\u00edm \u010dasov\u00e9m obdob\u00ed a porovnat \u00fadaje o degradaci v prvn\u00edm roce i pr\u016fm\u011brnou ro\u010dn\u00ed degradaci.<\/p>\t\t\t\t\t\t\t\t<\/div>\n\t\t\t\t<\/div>\n\t\t\t\t\t<\/div>\n\t\t<\/div>\n\t\t\t\t\t<\/div>\n\t\t<\/section>\n\t\t\t\t<section class=\"elementor-section elementor-top-section elementor-element elementor-element-9fd5dee elementor-section-boxed elementor-section-height-default elementor-section-height-default\" data-id=\"9fd5dee\" data-element_type=\"section\" data-e-type=\"section\">\n\t\t\t\t\t\t<div class=\"elementor-container elementor-column-gap-default\">\n\t\t\t\t\t<div class=\"elementor-column elementor-col-100 elementor-top-column elementor-element elementor-element-40fc2ed\" data-id=\"40fc2ed\" data-element_type=\"column\" data-e-type=\"column\">\n\t\t\t<div class=\"elementor-widget-wrap elementor-element-populated\">\n\t\t\t\t\t\t<div class=\"elementor-element elementor-element-a90176f elementor-align-center elementor-widget elementor-widget-button\" data-id=\"a90176f\" data-element_type=\"widget\" data-e-type=\"widget\" data-widget_type=\"button.default\">\n\t\t\t\t<div class=\"elementor-widget-container\">\n\t\t\t\t\t\t\t\t\t<div class=\"elementor-button-wrapper\">\n\t\t\t\t\t<a class=\"elementor-button elementor-button-link elementor-size-sm\" href=\"https:\/\/www.maysunsolar.com\/our-technology\/?utm_source=blog&#038;utm_medium=visitwebsitebutton\" target=\"_blank\">\n\t\t\t\t\t\t<span class=\"elementor-button-content-wrapper\">\n\t\t\t\t\t\t\t\t\t<span class=\"elementor-button-text\">Zjistit v\u00edce o rozd\u00edlech mezi fotovoltaick\u00fdmi technologiemi<\/span>\n\t\t\t\t\t<\/span>\n\t\t\t\t\t<\/a>\n\t\t\t\t<\/div>\n\t\t\t\t\t\t\t\t<\/div>\n\t\t\t\t<\/div>\n\t\t\t\t\t<\/div>\n\t\t<\/div>\n\t\t\t\t\t<\/div>\n\t\t<\/section>\n\t\t\t\t<section class=\"elementor-section elementor-top-section elementor-element elementor-element-2f8f913 elementor-section-boxed elementor-section-height-default elementor-section-height-default\" data-id=\"2f8f913\" data-element_type=\"section\" data-e-type=\"section\">\n\t\t\t\t\t\t<div class=\"elementor-container elementor-column-gap-default\">\n\t\t\t\t\t<div class=\"elementor-column elementor-col-100 elementor-top-column elementor-element elementor-element-5b375c1\" data-id=\"5b375c1\" data-element_type=\"column\" data-e-type=\"column\">\n\t\t\t<div class=\"elementor-widget-wrap elementor-element-populated\">\n\t\t\t\t\t\t<div class=\"elementor-element elementor-element-f35d6bd elementor-widget elementor-widget-text-editor\" data-id=\"f35d6bd\" data-element_type=\"widget\" data-e-type=\"widget\" data-widget_type=\"text-editor.default\">\n\t\t\t\t<div class=\"elementor-widget-container\">\n\t\t\t\t\t\t\t\t\t<p data-start=\"4576\" data-end=\"4795\">Jako v\u00fdrobce <strong data-start=\"4589\" data-end=\"4615\">fotovoltaick\u00fdch panel\u016f<\/strong> poskytuje Maysun Solar dlouhodob\u011b stabiln\u00ed dod\u00e1vky modul\u016f pro evropsk\u00fd velkoobchodn\u00ed a distribu\u010dn\u00ed trh. Sortiment zahrnuje hlavn\u00ed technologick\u00e9 typy, v\u010detn\u011b <strong data-start=\"4773\" data-end=\"4794\">IBC, TOPCon a HJT<\/strong>.<\/p><p data-start=\"4797\" data-end=\"5122\" data-is-last-node=\"\" data-is-only-node=\"\">Krom\u011b po\u010d\u00e1te\u010dn\u00edho v\u00fdkonu a velikosti <strong data-start=\"4834\" data-end=\"4860\">fotovoltaick\u00fdch modul\u016f<\/strong> v\u011bnujeme pozornost tak\u00e9 <strong data-start=\"4885\" data-end=\"4974\">degradaci v prvn\u00edm roce, dlouhodob\u00e9 stabilit\u011b a chov\u00e1n\u00ed panel\u016f p\u0159i vysok\u00fdch teplot\u00e1ch<\/strong>, abychom pomohli projekt\u016fm na st\u0159ech\u00e1ch a v komer\u010dn\u00edch instalac\u00edch dosahovat stabiln\u011bj\u0161\u00ed a p\u0159edv\u00eddateln\u011bj\u0161\u00ed v\u00fdroby energie v dlouhodob\u00e9m horizontu.<\/p>\t\t\t\t\t\t\t\t<\/div>\n\t\t\t\t<\/div>\n\t\t\t\t\t<\/div>\n\t\t<\/div>\n\t\t\t\t\t<\/div>\n\t\t<\/section>\n\t\t\t\t<section class=\"elementor-section elementor-top-section elementor-element elementor-element-8d61ef2 elementor-section-boxed elementor-section-height-default elementor-section-height-default\" data-id=\"8d61ef2\" data-element_type=\"section\" data-e-type=\"section\">\n\t\t\t\t\t\t<div class=\"elementor-container elementor-column-gap-default\">\n\t\t\t\t\t<div class=\"elementor-column elementor-col-100 elementor-top-column elementor-element elementor-element-357c278\" data-id=\"357c278\" data-element_type=\"column\" data-e-type=\"column\">\n\t\t\t<div class=\"elementor-widget-wrap elementor-element-populated\">\n\t\t\t\t\t\t<div class=\"elementor-element elementor-element-e6e2092 elementor-widget elementor-widget-text-editor\" data-id=\"e6e2092\" data-element_type=\"widget\" data-e-type=\"widget\" data-widget_type=\"text-editor.default\">\n\t\t\t\t<div class=\"elementor-widget-container\">\n\t\t\t\t\t\t\t\t\t<h4><strong>Recommend reading<\/strong><\/h4>\t\t\t\t\t\t\t\t<\/div>\n\t\t\t\t<\/div>\n\t\t\t\t<div class=\"elementor-element elementor-element-c107949 elementor-grid-3 elementor-grid-tablet-2 elementor-grid-mobile-1 elementor-posts--thumbnail-top elementor-widget elementor-widget-posts\" data-id=\"c107949\" data-element_type=\"widget\" data-e-type=\"widget\" data-settings=\"{&quot;classic_columns&quot;:&quot;3&quot;,&quot;classic_columns_tablet&quot;:&quot;2&quot;,&quot;classic_columns_mobile&quot;:&quot;1&quot;,&quot;classic_row_gap&quot;:{&quot;unit&quot;:&quot;px&quot;,&quot;size&quot;:35,&quot;sizes&quot;:[]},&quot;classic_row_gap_tablet&quot;:{&quot;unit&quot;:&quot;px&quot;,&quot;size&quot;:&quot;&quot;,&quot;sizes&quot;:[]},&quot;classic_row_gap_mobile&quot;:{&quot;unit&quot;:&quot;px&quot;,&quot;size&quot;:&quot;&quot;,&quot;sizes&quot;:[]}}\" data-widget_type=\"posts.classic\">\n\t\t\t\t<div class=\"elementor-widget-container\">\n\t\t\t\t\t\t\t<div class=\"elementor-posts-container elementor-posts elementor-posts--skin-classic elementor-grid\" role=\"list\">\n\t\t\t\t<article class=\"elementor-post elementor-grid-item post-73053 post type-post status-publish format-standard has-post-thumbnail hentry category-technologie-a-fotovoltaicke-produkty tag-teplotni-koeficient tag-vyber-fotovoltaickych-panelu-2\" role=\"listitem\">\n\t\t\t\t<a class=\"elementor-post__thumbnail__link\" href=\"https:\/\/www.maysunsolar.com\/cs\/teplotni-koeficient-fotovoltaickych-panelu\/\" tabindex=\"-1\" >\n\t\t\t<div class=\"elementor-post__thumbnail\"><img decoding=\"async\" width=\"300\" height=\"97\" src=\"https:\/\/www.maysunsolar.com\/wp-content\/uploads\/2026\/04\/\u5c01\u97621-300x97.png\" class=\"attachment-medium size-medium wp-image-73038 not-transparent\" alt=\"How Important Is the Temperature Coefficient When Choosing a Solar Panel?\" data-has-transparency=\"false\" data-dominant-color=\"4f8eb7\" style=\"--dominant-color: #4f8eb7\" srcset=\"https:\/\/www.maysunsolar.com\/wp-content\/uploads\/2026\/04\/\u5c01\u97621-300x97.png 300w, https:\/\/www.maysunsolar.com\/wp-content\/uploads\/2026\/04\/\u5c01\u97621-1024x331.png 1024w, https:\/\/www.maysunsolar.com\/wp-content\/uploads\/2026\/04\/\u5c01\u97621-768x248.png 768w, https:\/\/www.maysunsolar.com\/wp-content\/uploads\/2026\/04\/\u5c01\u97621-1536x496.png 1536w, https:\/\/www.maysunsolar.com\/wp-content\/uploads\/2026\/04\/\u5c01\u97621-24x8.png 24w, https:\/\/www.maysunsolar.com\/wp-content\/uploads\/2026\/04\/\u5c01\u97621-36x12.png 36w, https:\/\/www.maysunsolar.com\/wp-content\/uploads\/2026\/04\/\u5c01\u97621-48x16.png 48w, https:\/\/www.maysunsolar.com\/wp-content\/uploads\/2026\/04\/\u5c01\u97621.png 1920w\" sizes=\"(max-width: 300px) 100vw, 300px\" \/><\/div>\n\t\t<\/a>\n\t\t\t\t<div class=\"elementor-post__text\">\n\t\t\t\t<h3 class=\"elementor-post__title\">\n\t\t\t<a href=\"https:\/\/www.maysunsolar.com\/cs\/teplotni-koeficient-fotovoltaickych-panelu\/\" >\n\t\t\t\tJak d\u016fle\u017eit\u00fd je teplotn\u00ed koeficient p\u0159i v\u00fdb\u011bru fotovoltaick\u00fdch panel\u016f\t\t\t<\/a>\n\t\t<\/h3>\n\t\t\t\t<div class=\"elementor-post__meta-data\">\n\t\t\t\t\t<span class=\"elementor-post-date\">\n\t\t\t23 dubna, 2026\t\t<\/span>\n\t\t\t\t<span class=\"elementor-post-avatar\">\n\t\t\t\u017d\u00e1dn\u00e9 koment\u00e1\u0159e\t\t<\/span>\n\t\t\t\t<\/div>\n\t\t\t\t<div class=\"elementor-post__excerpt\">\n\t\t\t<p>Je p\u0159i v\u00fdb\u011bru fotovoltaick\u00fdch panel\u016f teplotn\u00ed koeficient opravdu d\u016fle\u017eit\u00fd? Tento \u010dl\u00e1nek na to odpov\u00edd\u00e1 p\u0159\u00edmo a vysv\u011btluje, u kter\u00fdch projekt\u016f by m\u011bl b\u00fdt sou\u010d\u00e1st\u00ed prvotn\u00edho v\u00fdb\u011bru a u kter\u00fdch nemus\u00ed st\u00e1t na prvn\u00edm m\u00edst\u011b.<\/p>\n\t\t<\/div>\n\t\t\n\t\t<a class=\"elementor-post__read-more\" href=\"https:\/\/www.maysunsolar.com\/cs\/teplotni-koeficient-fotovoltaickych-panelu\/\" aria-label=\"Read more about Jak d\u016fle\u017eit\u00fd je teplotn\u00ed koeficient p\u0159i v\u00fdb\u011bru fotovoltaick\u00fdch panel\u016f\" tabindex=\"-1\" >\n\t\t\tRead More \u00bb\t\t<\/a>\n\n\t\t\t\t<\/div>\n\t\t\t\t<\/article>\n\t\t\t\t<article class=\"elementor-post elementor-grid-item post-72976 post type-post status-publish format-standard has-post-thumbnail hentry category-aplikace-fotovoltaiky category-technologie-a-fotovoltaicke-produkty category-uncategorized-cs tag-bifacialni-fotovoltaika tag-hjt-4 tag-ibc-2\" role=\"listitem\">\n\t\t\t\t<a class=\"elementor-post__thumbnail__link\" href=\"https:\/\/www.maysunsolar.com\/cs\/hjt-nebo-ibc-pro-stresni-fotovoltaiku-v-evrope\/\" tabindex=\"-1\" >\n\t\t\t<div class=\"elementor-post__thumbnail\"><img loading=\"lazy\" decoding=\"async\" width=\"300\" height=\"97\" src=\"https:\/\/www.maysunsolar.com\/wp-content\/uploads\/2026\/04\/cover-300x97.png\" class=\"attachment-medium size-medium wp-image-72963 not-transparent\" alt=\"When can the bifacial advantage of HJT deliver real returns on European rooftop projects? And when is IBC the better choice?\" data-has-transparency=\"false\" data-dominant-color=\"9e9287\" style=\"--dominant-color: #9e9287\" srcset=\"https:\/\/www.maysunsolar.com\/wp-content\/uploads\/2026\/04\/cover-300x97.png 300w, https:\/\/www.maysunsolar.com\/wp-content\/uploads\/2026\/04\/cover-1024x330.png 1024w, https:\/\/www.maysunsolar.com\/wp-content\/uploads\/2026\/04\/cover-768x248.png 768w, https:\/\/www.maysunsolar.com\/wp-content\/uploads\/2026\/04\/cover-1536x496.png 1536w, https:\/\/www.maysunsolar.com\/wp-content\/uploads\/2026\/04\/cover-24x8.png 24w, https:\/\/www.maysunsolar.com\/wp-content\/uploads\/2026\/04\/cover-36x12.png 36w, https:\/\/www.maysunsolar.com\/wp-content\/uploads\/2026\/04\/cover-48x15.png 48w, https:\/\/www.maysunsolar.com\/wp-content\/uploads\/2026\/04\/cover.png 1587w\" sizes=\"(max-width: 300px) 100vw, 300px\" \/><\/div>\n\t\t<\/a>\n\t\t\t\t<div class=\"elementor-post__text\">\n\t\t\t\t<h3 class=\"elementor-post__title\">\n\t\t\t<a href=\"https:\/\/www.maysunsolar.com\/cs\/hjt-nebo-ibc-pro-stresni-fotovoltaiku-v-evrope\/\" >\n\t\t\t\tKdy p\u0159in\u00e1\u0161\u00ed bifaci\u00e1ln\u00ed v\u00fdhoda HJT na evropsk\u00fdch st\u0159e\u0161n\u00edch projektech skute\u010dn\u00fd p\u0159\u00ednos? A kdy je vhodn\u011bj\u0161\u00ed zvolit IBC?\t\t\t<\/a>\n\t\t<\/h3>\n\t\t\t\t<div class=\"elementor-post__meta-data\">\n\t\t\t\t\t<span class=\"elementor-post-date\">\n\t\t\t20 dubna, 2026\t\t<\/span>\n\t\t\t\t<span class=\"elementor-post-avatar\">\n\t\t\t\u017d\u00e1dn\u00e9 koment\u00e1\u0159e\t\t<\/span>\n\t\t\t\t<\/div>\n\t\t\t\t<div class=\"elementor-post__excerpt\">\n\t\t\t<p>Kdy maj\u00ed na evropsk\u00fdch st\u0159e\u0161n\u00edch projektech bifaci\u00e1ln\u00ed HJT moduly skute\u010dn\u00fd p\u0159\u00ednos a kdy by m\u011bly dostat p\u0159ednost IBC moduly.<\/p>\n\t\t<\/div>\n\t\t\n\t\t<a class=\"elementor-post__read-more\" href=\"https:\/\/www.maysunsolar.com\/cs\/hjt-nebo-ibc-pro-stresni-fotovoltaiku-v-evrope\/\" aria-label=\"Read more about Kdy p\u0159in\u00e1\u0161\u00ed bifaci\u00e1ln\u00ed v\u00fdhoda HJT na evropsk\u00fdch st\u0159e\u0161n\u00edch projektech skute\u010dn\u00fd p\u0159\u00ednos? A kdy je vhodn\u011bj\u0161\u00ed zvolit IBC?\" tabindex=\"-1\" >\n\t\t\tRead More \u00bb\t\t<\/a>\n\n\t\t\t\t<\/div>\n\t\t\t\t<\/article>\n\t\t\t\t<article class=\"elementor-post elementor-grid-item post-72944 post type-post status-publish format-standard has-post-thumbnail hentry category-aplikace-fotovoltaiky category-uncategorized-cs tag-fotovoltaika-na-zahrade tag-fotovoltaika-pro-rodinny-dum tag-zahradni-fotovoltaika\" role=\"listitem\">\n\t\t\t\t<a class=\"elementor-post__thumbnail__link\" href=\"https:\/\/www.maysunsolar.com\/cs\/zahradni-solarni-panely-pro-jake-domacnosti\/\" tabindex=\"-1\" >\n\t\t\t<div class=\"elementor-post__thumbnail\"><img loading=\"lazy\" decoding=\"async\" width=\"300\" height=\"97\" src=\"https:\/\/www.maysunsolar.com\/wp-content\/uploads\/2026\/04\/cover-3-300x97.webp\" class=\"attachment-medium size-medium wp-image-72931 not-transparent\" alt=\"Which homes are suitable for garden solar?\" data-has-transparency=\"false\" data-dominant-color=\"586556\" style=\"--dominant-color: #586556\" srcset=\"https:\/\/www.maysunsolar.com\/wp-content\/uploads\/2026\/04\/cover-3-300x97.webp 300w, https:\/\/www.maysunsolar.com\/wp-content\/uploads\/2026\/04\/cover-3-1024x331.webp 1024w, https:\/\/www.maysunsolar.com\/wp-content\/uploads\/2026\/04\/cover-3-768x248.webp 768w, https:\/\/www.maysunsolar.com\/wp-content\/uploads\/2026\/04\/cover-3-1536x496.webp 1536w, https:\/\/www.maysunsolar.com\/wp-content\/uploads\/2026\/04\/cover-3-24x8.webp 24w, https:\/\/www.maysunsolar.com\/wp-content\/uploads\/2026\/04\/cover-3-36x12.webp 36w, https:\/\/www.maysunsolar.com\/wp-content\/uploads\/2026\/04\/cover-3-48x16.webp 48w, https:\/\/www.maysunsolar.com\/wp-content\/uploads\/2026\/04\/cover-3.webp 1920w\" sizes=\"(max-width: 300px) 100vw, 300px\" \/><\/div>\n\t\t<\/a>\n\t\t\t\t<div class=\"elementor-post__text\">\n\t\t\t\t<h3 class=\"elementor-post__title\">\n\t\t\t<a href=\"https:\/\/www.maysunsolar.com\/cs\/zahradni-solarni-panely-pro-jake-domacnosti\/\" >\n\t\t\t\tPro kter\u00e9 dom\u00e1cnosti je zahradn\u00ed fotovoltaika vhodn\u00e1?\t\t\t<\/a>\n\t\t<\/h3>\n\t\t\t\t<div class=\"elementor-post__meta-data\">\n\t\t\t\t\t<span class=\"elementor-post-date\">\n\t\t\t16 dubna, 2026\t\t<\/span>\n\t\t\t\t<span class=\"elementor-post-avatar\">\n\t\t\t\u017d\u00e1dn\u00e9 koment\u00e1\u0159e\t\t<\/span>\n\t\t\t\t<\/div>\n\t\t\t\t<div class=\"elementor-post__excerpt\">\n\t\t\t<p>Pro kter\u00e9 dom\u00e1cnosti je zahradn\u00ed fotovoltaika vhodn\u00e1? Rychle posu\u010fte, zda je fotovoltaika na zahradu vhodn\u00e1 podle dostupn\u00e9ho prostoru, st\u00edn\u011bn\u00ed, orientace a c\u00edle vyu\u017eit\u00ed elekt\u0159iny.<\/p>\n\t\t<\/div>\n\t\t\n\t\t<a class=\"elementor-post__read-more\" href=\"https:\/\/www.maysunsolar.com\/cs\/zahradni-solarni-panely-pro-jake-domacnosti\/\" aria-label=\"Read more about Pro kter\u00e9 dom\u00e1cnosti je zahradn\u00ed fotovoltaika vhodn\u00e1?\" tabindex=\"-1\" >\n\t\t\tRead More \u00bb\t\t<\/a>\n\n\t\t\t\t<\/div>\n\t\t\t\t<\/article>\n\t\t\t\t<article class=\"elementor-post elementor-grid-item post-72918 post type-post status-publish format-standard has-post-thumbnail hentry category-technologie-a-fotovoltaicke-produkty tag-hjt-moduly tag-ibc-moduly tag-topcon-moduly\" role=\"listitem\">\n\t\t\t\t<a class=\"elementor-post__thumbnail__link\" href=\"https:\/\/www.maysunsolar.com\/cs\/fotovoltaicke-moduly-vysoke-teploty-hjt-topcon-ibc\/\" tabindex=\"-1\" >\n\t\t\t<div class=\"elementor-post__thumbnail\"><img loading=\"lazy\" decoding=\"async\" width=\"300\" height=\"97\" src=\"https:\/\/www.maysunsolar.com\/wp-content\/uploads\/2025\/06\/cover-6-300x97.webp\" class=\"attachment-medium size-medium wp-image-72898 not-transparent\" alt=\"Are Differences Between Solar Panels More Noticeable in High-Temperature Conditions?\" data-has-transparency=\"false\" data-dominant-color=\"98a7af\" style=\"--dominant-color: #98a7af\" srcset=\"https:\/\/www.maysunsolar.com\/wp-content\/uploads\/2025\/06\/cover-6-300x97.webp 300w, https:\/\/www.maysunsolar.com\/wp-content\/uploads\/2025\/06\/cover-6-1024x331.webp 1024w, https:\/\/www.maysunsolar.com\/wp-content\/uploads\/2025\/06\/cover-6-768x248.webp 768w, https:\/\/www.maysunsolar.com\/wp-content\/uploads\/2025\/06\/cover-6-1536x496.webp 1536w, https:\/\/www.maysunsolar.com\/wp-content\/uploads\/2025\/06\/cover-6-24x8.webp 24w, https:\/\/www.maysunsolar.com\/wp-content\/uploads\/2025\/06\/cover-6-36x12.webp 36w, https:\/\/www.maysunsolar.com\/wp-content\/uploads\/2025\/06\/cover-6-48x16.webp 48w, https:\/\/www.maysunsolar.com\/wp-content\/uploads\/2025\/06\/cover-6.webp 1920w\" sizes=\"(max-width: 300px) 100vw, 300px\" \/><\/div>\n\t\t<\/a>\n\t\t\t\t<div class=\"elementor-post__text\">\n\t\t\t\t<h3 class=\"elementor-post__title\">\n\t\t\t<a href=\"https:\/\/www.maysunsolar.com\/cs\/fotovoltaicke-moduly-vysoke-teploty-hjt-topcon-ibc\/\" >\n\t\t\t\tBudou rozd\u00edly mezi moduly ve vysok\u00fdch teplot\u00e1ch v\u00fdrazn\u011bj\u0161\u00ed? Anal\u00fdza volby mezi HJT, TOPCon a IBC\t\t\t<\/a>\n\t\t<\/h3>\n\t\t\t\t<div class=\"elementor-post__meta-data\">\n\t\t\t\t\t<span class=\"elementor-post-date\">\n\t\t\t14 dubna, 2026\t\t<\/span>\n\t\t\t\t<span class=\"elementor-post-avatar\">\n\t\t\t\u017d\u00e1dn\u00e9 koment\u00e1\u0159e\t\t<\/span>\n\t\t\t\t<\/div>\n\t\t\t\t<div class=\"elementor-post__excerpt\">\n\t\t\t<p>Vysok\u00e9 teploty sni\u017euj\u00ed \u00fa\u010dinnost fotovoltaick\u00fdch modul\u016f, ale rozd\u00edly ve v\u00fdrob\u011b v l\u00e9t\u011b nejsou d\u00e1ny jen teplotou. Tento \u010dl\u00e1nek porovn\u00e1v\u00e1 chov\u00e1n\u00ed technologi\u00ed HJT, TOPCon a IBC p\u0159i vysok\u00fdch teplot\u00e1ch a vysv\u011btluje, jak maj\u00ed firemn\u00ed projekty zvolit vhodn\u00fd modul.<\/p>\n\t\t<\/div>\n\t\t\n\t\t<a class=\"elementor-post__read-more\" href=\"https:\/\/www.maysunsolar.com\/cs\/fotovoltaicke-moduly-vysoke-teploty-hjt-topcon-ibc\/\" aria-label=\"Read more about Budou rozd\u00edly mezi moduly ve vysok\u00fdch teplot\u00e1ch v\u00fdrazn\u011bj\u0161\u00ed? Anal\u00fdza volby mezi HJT, TOPCon a IBC\" tabindex=\"-1\" >\n\t\t\tRead More \u00bb\t\t<\/a>\n\n\t\t\t\t<\/div>\n\t\t\t\t<\/article>\n\t\t\t\t<article class=\"elementor-post elementor-grid-item post-72881 post type-post status-publish format-standard has-post-thumbnail hentry category-technologie-a-fotovoltaicke-produkty category-uncategorized-cs tag-n-type-topcon tag-solarni-panely\" role=\"listitem\">\n\t\t\t\t<a class=\"elementor-post__thumbnail__link\" href=\"https:\/\/www.maysunsolar.com\/cs\/proc-se-panely-n-type-topcon-stavaji-hlavni-technologii\/\" tabindex=\"-1\" >\n\t\t\t<div class=\"elementor-post__thumbnail\"><img loading=\"lazy\" decoding=\"async\" width=\"300\" height=\"97\" src=\"https:\/\/www.maysunsolar.com\/wp-content\/uploads\/2026\/04\/cover-2-300x97.webp\" class=\"attachment-medium size-medium wp-image-72872 not-transparent\" alt=\"Why Have N-Type TOPCon Solar Panels Become the Market Mainstream?\" data-has-transparency=\"false\" data-dominant-color=\"858480\" style=\"--dominant-color: #858480\" srcset=\"https:\/\/www.maysunsolar.com\/wp-content\/uploads\/2026\/04\/cover-2-300x97.webp 300w, https:\/\/www.maysunsolar.com\/wp-content\/uploads\/2026\/04\/cover-2-1024x331.webp 1024w, https:\/\/www.maysunsolar.com\/wp-content\/uploads\/2026\/04\/cover-2-768x248.webp 768w, https:\/\/www.maysunsolar.com\/wp-content\/uploads\/2026\/04\/cover-2-1536x496.webp 1536w, https:\/\/www.maysunsolar.com\/wp-content\/uploads\/2026\/04\/cover-2-24x8.webp 24w, https:\/\/www.maysunsolar.com\/wp-content\/uploads\/2026\/04\/cover-2-36x12.webp 36w, https:\/\/www.maysunsolar.com\/wp-content\/uploads\/2026\/04\/cover-2-48x16.webp 48w, https:\/\/www.maysunsolar.com\/wp-content\/uploads\/2026\/04\/cover-2.webp 1920w\" sizes=\"(max-width: 300px) 100vw, 300px\" \/><\/div>\n\t\t<\/a>\n\t\t\t\t<div class=\"elementor-post__text\">\n\t\t\t\t<h3 class=\"elementor-post__title\">\n\t\t\t<a href=\"https:\/\/www.maysunsolar.com\/cs\/proc-se-panely-n-type-topcon-stavaji-hlavni-technologii\/\" >\n\t\t\t\tPro\u010d se sol\u00e1rn\u00ed panely TOPCon typu N staly hlavn\u00ed technologi\u00ed na trhu?\t\t\t<\/a>\n\t\t<\/h3>\n\t\t\t\t<div class=\"elementor-post__meta-data\">\n\t\t\t\t\t<span class=\"elementor-post-date\">\n\t\t\t9 dubna, 2026\t\t<\/span>\n\t\t\t\t<span class=\"elementor-post-avatar\">\n\t\t\t\u017d\u00e1dn\u00e9 koment\u00e1\u0159e\t\t<\/span>\n\t\t\t\t<\/div>\n\t\t\t\t<div class=\"elementor-post__excerpt\">\n\t\t\t<p>Sol\u00e1rn\u00ed panely TOPCon typu N dnes pat\u0159\u00ed mezi hlavn\u00ed fotovoltaick\u00e9 technologie d\u00edky dobr\u00e9 rovnov\u00e1ze mezi \u00fa\u010dinnost\u00ed, n\u00e1klady a pr\u016fmyslovou vysp\u011blost\u00ed. Tento \u010dl\u00e1nek stru\u010dn\u011b vysv\u011btluje jejich konstrukci, aplika\u010dn\u00ed v\u00fdhody a nejvhodn\u011bj\u0161\u00ed sc\u00e9n\u00e1\u0159e pou\u017eit\u00ed.<\/p>\n\t\t<\/div>\n\t\t\n\t\t<a class=\"elementor-post__read-more\" href=\"https:\/\/www.maysunsolar.com\/cs\/proc-se-panely-n-type-topcon-stavaji-hlavni-technologii\/\" aria-label=\"Read more about Pro\u010d se sol\u00e1rn\u00ed panely TOPCon typu N staly hlavn\u00ed technologi\u00ed na trhu?\" tabindex=\"-1\" >\n\t\t\tRead More \u00bb\t\t<\/a>\n\n\t\t\t\t<\/div>\n\t\t\t\t<\/article>\n\t\t\t\t<article class=\"elementor-post elementor-grid-item post-72852 post type-post status-publish format-standard has-post-thumbnail hentry category-politika-a-trh-fotovoltaiky category-uncategorized-cs tag-fotovoltaicke-novinky tag-fotovoltaika-evropa tag-stresni-fotovoltaika\" role=\"listitem\">\n\t\t\t\t<a class=\"elementor-post__thumbnail__link\" href=\"https:\/\/www.maysunsolar.com\/cs\/novinky-fotovoltaika-evropa-duben-trh-ceny-politika\/\" tabindex=\"-1\" >\n\t\t\t<div class=\"elementor-post__thumbnail\"><img loading=\"lazy\" decoding=\"async\" width=\"300\" height=\"97\" src=\"https:\/\/www.maysunsolar.com\/wp-content\/uploads\/2026\/04\/cover-1-300x97.webp\" class=\"attachment-medium size-medium wp-image-72842 not-transparent\" alt=\"April News from the European Solar Industry\" data-has-transparency=\"false\" data-dominant-color=\"725d57\" style=\"--dominant-color: #725d57\" srcset=\"https:\/\/www.maysunsolar.com\/wp-content\/uploads\/2026\/04\/cover-1-300x97.webp 300w, https:\/\/www.maysunsolar.com\/wp-content\/uploads\/2026\/04\/cover-1-1024x331.webp 1024w, https:\/\/www.maysunsolar.com\/wp-content\/uploads\/2026\/04\/cover-1-768x248.webp 768w, https:\/\/www.maysunsolar.com\/wp-content\/uploads\/2026\/04\/cover-1-1536x497.webp 1536w, https:\/\/www.maysunsolar.com\/wp-content\/uploads\/2026\/04\/cover-1-24x8.webp 24w, https:\/\/www.maysunsolar.com\/wp-content\/uploads\/2026\/04\/cover-1-36x12.webp 36w, https:\/\/www.maysunsolar.com\/wp-content\/uploads\/2026\/04\/cover-1-48x16.webp 48w, https:\/\/www.maysunsolar.com\/wp-content\/uploads\/2026\/04\/cover-1.webp 1920w\" sizes=\"(max-width: 300px) 100vw, 300px\" \/><\/div>\n\t\t<\/a>\n\t\t\t\t<div class=\"elementor-post__text\">\n\t\t\t\t<h3 class=\"elementor-post__title\">\n\t\t\t<a href=\"https:\/\/www.maysunsolar.com\/cs\/novinky-fotovoltaika-evropa-duben-trh-ceny-politika\/\" >\n\t\t\t\tDubnov\u00e9 zpr\u00e1vy z evropsk\u00e9ho fotovoltaick\u00e9ho pr\u016fmyslu\t\t\t<\/a>\n\t\t<\/h3>\n\t\t\t\t<div class=\"elementor-post__meta-data\">\n\t\t\t\t\t<span class=\"elementor-post-date\">\n\t\t\t7 dubna, 2026\t\t<\/span>\n\t\t\t\t<span class=\"elementor-post-avatar\">\n\t\t\t\u017d\u00e1dn\u00e9 koment\u00e1\u0159e\t\t<\/span>\n\t\t\t\t<\/div>\n\t\t\t\t<div class=\"elementor-post__excerpt\">\n\t\t\t<p>evropsk\u00fd trh s fotovoltaikou u\u017e vys\u00edl\u00e1 sign\u00e1ly postupn\u00e9ho o\u017eiven\u00ed: syst\u00e9mov\u00e1 hodnota se znovu potvrzuje, ceny v n\u011bmeck\u00fdch aukc\u00edch se stabilizuj\u00ed, pravidla v It\u00e1lii jsou jasn\u011bj\u0161\u00ed a ve Francii se zlep\u0161uje jistota v\u00fdnos\u016f projekt\u016f.<\/p>\n\t\t<\/div>\n\t\t\n\t\t<a class=\"elementor-post__read-more\" href=\"https:\/\/www.maysunsolar.com\/cs\/novinky-fotovoltaika-evropa-duben-trh-ceny-politika\/\" aria-label=\"Read more about Dubnov\u00e9 zpr\u00e1vy z evropsk\u00e9ho fotovoltaick\u00e9ho pr\u016fmyslu\" tabindex=\"-1\" >\n\t\t\tRead More \u00bb\t\t<\/a>\n\n\t\t\t\t<\/div>\n\t\t\t\t<\/article>\n\t\t\t\t<\/div>\n\t\t\n\t\t\t\t\t\t<\/div>\n\t\t\t\t<\/div>\n\t\t\t\t\t<\/div>\n\t\t<\/div>\n\t\t\t\t\t<\/div>\n\t\t<\/section>\n\t\t\t\t<\/div>\n\t\t","protected":false},"excerpt":{"rendered":"<p>Fotovoltaick\u00e9 panely mohou s postupem \u010dasu ztr\u00e1cet \u00fa\u010dinnost. Kl\u00ed\u010dov\u00e9 je sledovat degradaci v prvn\u00edm roce, ro\u010dn\u00ed m\u00edru degradace, teplotn\u00ed koeficient a dlouhodob\u00e9 zachov\u00e1n\u00ed v\u00fdkonu.<\/p>\n","protected":false},"author":1,"featured_media":72578,"comment_status":"open","ping_status":"open","sticky":false,"template":"","format":"standard","meta":{"_uag_custom_page_level_css":"","footnotes":""},"categories":[1170,707],"tags":[],"class_list":["post-72593","post","type-post","status-publish","format-standard","has-post-thumbnail","hentry","category-technologie-a-fotovoltaicke-produkty","category-uncategorized-cs"],"yoast_head":"<!-- This site is optimized with the Yoast SEO plugin v27.5 - https:\/\/yoast.com\/product\/yoast-seo-wordpress\/ -->\n<title>Ztr\u00e1cej\u00ed fotovoltaick\u00e9 panely \u00fa\u010dinnost s postupem \u010dasu? - Professional Distributed PV Module Manufacturer<\/title>\n<meta name=\"robots\" content=\"index, follow, max-snippet:-1, max-image-preview:large, max-video-preview:-1\" \/>\n<link rel=\"canonical\" href=\"https:\/\/www.maysunsolar.com\/cs\/degradace-solarnich-panelu-v-prubehu-casu\/\" \/>\n<meta property=\"og:locale\" content=\"cs_CZ\" \/>\n<meta property=\"og:type\" content=\"article\" \/>\n<meta property=\"og:title\" content=\"Ztr\u00e1cej\u00ed fotovoltaick\u00e9 panely \u00fa\u010dinnost s postupem \u010dasu? - Professional Distributed PV Module Manufacturer\" \/>\n<meta property=\"og:description\" content=\"Fotovoltaick\u00e9 panely mohou s postupem \u010dasu ztr\u00e1cet \u00fa\u010dinnost. Kl\u00ed\u010dov\u00e9 je sledovat degradaci v prvn\u00edm roce, ro\u010dn\u00ed m\u00edru degradace, teplotn\u00ed koeficient a dlouhodob\u00e9 zachov\u00e1n\u00ed v\u00fdkonu.\" \/>\n<meta property=\"og:url\" content=\"https:\/\/www.maysunsolar.com\/cs\/degradace-solarnich-panelu-v-prubehu-casu\/\" \/>\n<meta property=\"og:site_name\" content=\"Professional Distributed PV Module Manufacturer\" \/>\n<meta property=\"article:author\" content=\"https:\/\/www.facebook.com\/Maysunsolarglobal\/\" \/>\n<meta property=\"article:published_time\" content=\"2026-03-12T07:00:00+00:00\" \/>\n<meta property=\"article:modified_time\" content=\"2026-03-12T07:07:23+00:00\" \/>\n<meta property=\"og:image\" content=\"https:\/\/www.maysunsolar.com\/wp-content\/uploads\/2026\/03\/\u5c01\u9762-1.webp\" \/>\n\t<meta property=\"og:image:width\" content=\"1920\" \/>\n\t<meta property=\"og:image:height\" content=\"620\" \/>\n\t<meta property=\"og:image:type\" content=\"image\/jpeg\" \/>\n<meta name=\"author\" content=\"Brian\" \/>\n<meta name=\"twitter:card\" content=\"summary_large_image\" \/>\n<meta name=\"twitter:label1\" content=\"Napsal(a)\" \/>\n\t<meta name=\"twitter:data1\" content=\"Brian\" \/>\n\t<meta name=\"twitter:label2\" content=\"Odhadovan\u00e1 doba \u010dten\u00ed\" \/>\n\t<meta name=\"twitter:data2\" content=\"11 minut\" \/>\n<script type=\"application\/ld+json\" class=\"yoast-schema-graph\">{\"@context\":\"https:\\\/\\\/schema.org\",\"@graph\":[{\"@type\":\"Article\",\"@id\":\"https:\\\/\\\/www.maysunsolar.com\\\/cs\\\/degradace-solarnich-panelu-v-prubehu-casu\\\/#article\",\"isPartOf\":{\"@id\":\"https:\\\/\\\/www.maysunsolar.com\\\/cs\\\/degradace-solarnich-panelu-v-prubehu-casu\\\/\"},\"author\":{\"name\":\"Brian\",\"@id\":\"https:\\\/\\\/www.maysunsolar.com\\\/cs\\\/#\\\/schema\\\/person\\\/fdfb4709ee9cc4cfa57e755ed9c1ae1a\"},\"headline\":\"Ztr\u00e1cej\u00ed fotovoltaick\u00e9 panely \u00fa\u010dinnost s postupem \u010dasu?\",\"datePublished\":\"2026-03-12T07:00:00+00:00\",\"dateModified\":\"2026-03-12T07:07:23+00:00\",\"mainEntityOfPage\":{\"@id\":\"https:\\\/\\\/www.maysunsolar.com\\\/cs\\\/degradace-solarnich-panelu-v-prubehu-casu\\\/\"},\"wordCount\":1854,\"commentCount\":0,\"publisher\":{\"@id\":\"https:\\\/\\\/www.maysunsolar.com\\\/cs\\\/#organization\"},\"image\":{\"@id\":\"https:\\\/\\\/www.maysunsolar.com\\\/cs\\\/degradace-solarnich-panelu-v-prubehu-casu\\\/#primaryimage\"},\"thumbnailUrl\":\"https:\\\/\\\/www.maysunsolar.com\\\/wp-content\\\/uploads\\\/2026\\\/03\\\/\u5c01\u9762-1.webp\",\"articleSection\":[\"Technologie a fotovoltaick\u00e9 produkty\",\"Uncategorized @cs\"],\"inLanguage\":\"cs\",\"potentialAction\":[{\"@type\":\"CommentAction\",\"name\":\"Comment\",\"target\":[\"https:\\\/\\\/www.maysunsolar.com\\\/cs\\\/degradace-solarnich-panelu-v-prubehu-casu\\\/#respond\"]}]},{\"@type\":\"WebPage\",\"@id\":\"https:\\\/\\\/www.maysunsolar.com\\\/cs\\\/degradace-solarnich-panelu-v-prubehu-casu\\\/\",\"url\":\"https:\\\/\\\/www.maysunsolar.com\\\/cs\\\/degradace-solarnich-panelu-v-prubehu-casu\\\/\",\"name\":\"Ztr\u00e1cej\u00ed fotovoltaick\u00e9 panely \u00fa\u010dinnost s postupem \u010dasu? - Professional Distributed PV Module Manufacturer\",\"isPartOf\":{\"@id\":\"https:\\\/\\\/www.maysunsolar.com\\\/cs\\\/#website\"},\"primaryImageOfPage\":{\"@id\":\"https:\\\/\\\/www.maysunsolar.com\\\/cs\\\/degradace-solarnich-panelu-v-prubehu-casu\\\/#primaryimage\"},\"image\":{\"@id\":\"https:\\\/\\\/www.maysunsolar.com\\\/cs\\\/degradace-solarnich-panelu-v-prubehu-casu\\\/#primaryimage\"},\"thumbnailUrl\":\"https:\\\/\\\/www.maysunsolar.com\\\/wp-content\\\/uploads\\\/2026\\\/03\\\/\u5c01\u9762-1.webp\",\"datePublished\":\"2026-03-12T07:00:00+00:00\",\"dateModified\":\"2026-03-12T07:07:23+00:00\",\"breadcrumb\":{\"@id\":\"https:\\\/\\\/www.maysunsolar.com\\\/cs\\\/degradace-solarnich-panelu-v-prubehu-casu\\\/#breadcrumb\"},\"inLanguage\":\"cs\",\"potentialAction\":[{\"@type\":\"ReadAction\",\"target\":[\"https:\\\/\\\/www.maysunsolar.com\\\/cs\\\/degradace-solarnich-panelu-v-prubehu-casu\\\/\"]}]},{\"@type\":\"ImageObject\",\"inLanguage\":\"cs\",\"@id\":\"https:\\\/\\\/www.maysunsolar.com\\\/cs\\\/degradace-solarnich-panelu-v-prubehu-casu\\\/#primaryimage\",\"url\":\"https:\\\/\\\/www.maysunsolar.com\\\/wp-content\\\/uploads\\\/2026\\\/03\\\/\u5c01\u9762-1.webp\",\"contentUrl\":\"https:\\\/\\\/www.maysunsolar.com\\\/wp-content\\\/uploads\\\/2026\\\/03\\\/\u5c01\u9762-1.webp\",\"width\":1920,\"height\":620,\"caption\":\"Do Solar Panels Lose Efficiency Over Time?\"},{\"@type\":\"BreadcrumbList\",\"@id\":\"https:\\\/\\\/www.maysunsolar.com\\\/cs\\\/degradace-solarnich-panelu-v-prubehu-casu\\\/#breadcrumb\",\"itemListElement\":[{\"@type\":\"ListItem\",\"position\":1,\"name\":\"Home\",\"item\":\"https:\\\/\\\/www.maysunsolar.com\\\/cs\\\/\"},{\"@type\":\"ListItem\",\"position\":2,\"name\":\"Ztr\u00e1cej\u00ed fotovoltaick\u00e9 panely \u00fa\u010dinnost s postupem \u010dasu?\"}]},{\"@type\":\"WebSite\",\"@id\":\"https:\\\/\\\/www.maysunsolar.com\\\/cs\\\/#website\",\"url\":\"https:\\\/\\\/www.maysunsolar.com\\\/cs\\\/\",\"name\":\"Professional Photovoltaic Panel Manufacturer\",\"description\":\"\",\"publisher\":{\"@id\":\"https:\\\/\\\/www.maysunsolar.com\\\/cs\\\/#organization\"},\"potentialAction\":[{\"@type\":\"SearchAction\",\"target\":{\"@type\":\"EntryPoint\",\"urlTemplate\":\"https:\\\/\\\/www.maysunsolar.com\\\/cs\\\/?s={search_term_string}\"},\"query-input\":{\"@type\":\"PropertyValueSpecification\",\"valueRequired\":true,\"valueName\":\"search_term_string\"}}],\"inLanguage\":\"cs\"},{\"@type\":\"Organization\",\"@id\":\"https:\\\/\\\/www.maysunsolar.com\\\/cs\\\/#organization\",\"name\":\"Maysun Solar\",\"url\":\"https:\\\/\\\/www.maysunsolar.com\\\/cs\\\/\",\"logo\":{\"@type\":\"ImageObject\",\"inLanguage\":\"cs\",\"@id\":\"https:\\\/\\\/www.maysunsolar.com\\\/cs\\\/#\\\/schema\\\/logo\\\/image\\\/\",\"url\":\"https:\\\/\\\/www.maysunsolar.com\\\/wp-content\\\/uploads\\\/2023\\\/12\\\/\u516c\u53f8logo\u900f\u660e\u5e95\u7f51\u7ad9\u5c0f\u5934\u50cf.png\",\"contentUrl\":\"https:\\\/\\\/www.maysunsolar.com\\\/wp-content\\\/uploads\\\/2023\\\/12\\\/\u516c\u53f8logo\u900f\u660e\u5e95\u7f51\u7ad9\u5c0f\u5934\u50cf.png\",\"width\":200,\"height\":200,\"caption\":\"Maysun Solar\"},\"image\":{\"@id\":\"https:\\\/\\\/www.maysunsolar.com\\\/cs\\\/#\\\/schema\\\/logo\\\/image\\\/\"}},{\"@type\":\"Person\",\"@id\":\"https:\\\/\\\/www.maysunsolar.com\\\/cs\\\/#\\\/schema\\\/person\\\/fdfb4709ee9cc4cfa57e755ed9c1ae1a\",\"name\":\"Brian\",\"image\":{\"@type\":\"ImageObject\",\"inLanguage\":\"cs\",\"@id\":\"https:\\\/\\\/secure.gravatar.com\\\/avatar\\\/a2fe047be8cceab00882eda5dba22bea5a6351a7d2906ff3bc7c5c9ede1c0f01?s=96&d=mm&r=g\",\"url\":\"https:\\\/\\\/secure.gravatar.com\\\/avatar\\\/a2fe047be8cceab00882eda5dba22bea5a6351a7d2906ff3bc7c5c9ede1c0f01?s=96&d=mm&r=g\",\"contentUrl\":\"https:\\\/\\\/secure.gravatar.com\\\/avatar\\\/a2fe047be8cceab00882eda5dba22bea5a6351a7d2906ff3bc7c5c9ede1c0f01?s=96&d=mm&r=g\",\"caption\":\"Brian\"},\"description\":\"Content Marketing Specialist for the Photovoltaic Industry Dedicated to providing thought-provoking articles on the PV industry\",\"sameAs\":[\"http:\\\/\\\/wwww.maysunsolar.com\",\"https:\\\/\\\/www.facebook.com\\\/Maysunsolarglobal\\\/\",\"https:\\\/\\\/www.linkedin.com\\\/newsletters\\\/maysun-daily-7071768886148222976\\\/\"],\"url\":\"https:\\\/\\\/www.maysunsolar.com\\\/cs\\\/author\\\/brian\\\/\"}]}<\/script>\n<!-- \/ Yoast SEO plugin. -->","yoast_head_json":{"title":"Ztr\u00e1cej\u00ed fotovoltaick\u00e9 panely \u00fa\u010dinnost s postupem \u010dasu? - Professional Distributed PV Module Manufacturer","robots":{"index":"index","follow":"follow","max-snippet":"max-snippet:-1","max-image-preview":"max-image-preview:large","max-video-preview":"max-video-preview:-1"},"canonical":"https:\/\/www.maysunsolar.com\/cs\/degradace-solarnich-panelu-v-prubehu-casu\/","og_locale":"cs_CZ","og_type":"article","og_title":"Ztr\u00e1cej\u00ed fotovoltaick\u00e9 panely \u00fa\u010dinnost s postupem \u010dasu? - Professional Distributed PV Module Manufacturer","og_description":"Fotovoltaick\u00e9 panely mohou s postupem \u010dasu ztr\u00e1cet \u00fa\u010dinnost. Kl\u00ed\u010dov\u00e9 je sledovat degradaci v prvn\u00edm roce, ro\u010dn\u00ed m\u00edru degradace, teplotn\u00ed koeficient a dlouhodob\u00e9 zachov\u00e1n\u00ed v\u00fdkonu.","og_url":"https:\/\/www.maysunsolar.com\/cs\/degradace-solarnich-panelu-v-prubehu-casu\/","og_site_name":"Professional Distributed PV Module Manufacturer","article_author":"https:\/\/www.facebook.com\/Maysunsolarglobal\/","article_published_time":"2026-03-12T07:00:00+00:00","article_modified_time":"2026-03-12T07:07:23+00:00","og_image":[{"width":1920,"height":620,"url":"https:\/\/www.maysunsolar.com\/wp-content\/uploads\/2026\/03\/\u5c01\u9762-1.webp","type":"image\/jpeg"}],"author":"Brian","twitter_card":"summary_large_image","twitter_misc":{"Napsal(a)":"Brian","Odhadovan\u00e1 doba \u010dten\u00ed":"11 minut"},"schema":{"@context":"https:\/\/schema.org","@graph":[{"@type":"Article","@id":"https:\/\/www.maysunsolar.com\/cs\/degradace-solarnich-panelu-v-prubehu-casu\/#article","isPartOf":{"@id":"https:\/\/www.maysunsolar.com\/cs\/degradace-solarnich-panelu-v-prubehu-casu\/"},"author":{"name":"Brian","@id":"https:\/\/www.maysunsolar.com\/cs\/#\/schema\/person\/fdfb4709ee9cc4cfa57e755ed9c1ae1a"},"headline":"Ztr\u00e1cej\u00ed fotovoltaick\u00e9 panely \u00fa\u010dinnost s postupem \u010dasu?","datePublished":"2026-03-12T07:00:00+00:00","dateModified":"2026-03-12T07:07:23+00:00","mainEntityOfPage":{"@id":"https:\/\/www.maysunsolar.com\/cs\/degradace-solarnich-panelu-v-prubehu-casu\/"},"wordCount":1854,"commentCount":0,"publisher":{"@id":"https:\/\/www.maysunsolar.com\/cs\/#organization"},"image":{"@id":"https:\/\/www.maysunsolar.com\/cs\/degradace-solarnich-panelu-v-prubehu-casu\/#primaryimage"},"thumbnailUrl":"https:\/\/www.maysunsolar.com\/wp-content\/uploads\/2026\/03\/\u5c01\u9762-1.webp","articleSection":["Technologie a fotovoltaick\u00e9 produkty","Uncategorized @cs"],"inLanguage":"cs","potentialAction":[{"@type":"CommentAction","name":"Comment","target":["https:\/\/www.maysunsolar.com\/cs\/degradace-solarnich-panelu-v-prubehu-casu\/#respond"]}]},{"@type":"WebPage","@id":"https:\/\/www.maysunsolar.com\/cs\/degradace-solarnich-panelu-v-prubehu-casu\/","url":"https:\/\/www.maysunsolar.com\/cs\/degradace-solarnich-panelu-v-prubehu-casu\/","name":"Ztr\u00e1cej\u00ed fotovoltaick\u00e9 panely \u00fa\u010dinnost s postupem \u010dasu? - Professional Distributed PV Module Manufacturer","isPartOf":{"@id":"https:\/\/www.maysunsolar.com\/cs\/#website"},"primaryImageOfPage":{"@id":"https:\/\/www.maysunsolar.com\/cs\/degradace-solarnich-panelu-v-prubehu-casu\/#primaryimage"},"image":{"@id":"https:\/\/www.maysunsolar.com\/cs\/degradace-solarnich-panelu-v-prubehu-casu\/#primaryimage"},"thumbnailUrl":"https:\/\/www.maysunsolar.com\/wp-content\/uploads\/2026\/03\/\u5c01\u9762-1.webp","datePublished":"2026-03-12T07:00:00+00:00","dateModified":"2026-03-12T07:07:23+00:00","breadcrumb":{"@id":"https:\/\/www.maysunsolar.com\/cs\/degradace-solarnich-panelu-v-prubehu-casu\/#breadcrumb"},"inLanguage":"cs","potentialAction":[{"@type":"ReadAction","target":["https:\/\/www.maysunsolar.com\/cs\/degradace-solarnich-panelu-v-prubehu-casu\/"]}]},{"@type":"ImageObject","inLanguage":"cs","@id":"https:\/\/www.maysunsolar.com\/cs\/degradace-solarnich-panelu-v-prubehu-casu\/#primaryimage","url":"https:\/\/www.maysunsolar.com\/wp-content\/uploads\/2026\/03\/\u5c01\u9762-1.webp","contentUrl":"https:\/\/www.maysunsolar.com\/wp-content\/uploads\/2026\/03\/\u5c01\u9762-1.webp","width":1920,"height":620,"caption":"Do Solar Panels Lose Efficiency Over Time?"},{"@type":"BreadcrumbList","@id":"https:\/\/www.maysunsolar.com\/cs\/degradace-solarnich-panelu-v-prubehu-casu\/#breadcrumb","itemListElement":[{"@type":"ListItem","position":1,"name":"Home","item":"https:\/\/www.maysunsolar.com\/cs\/"},{"@type":"ListItem","position":2,"name":"Ztr\u00e1cej\u00ed fotovoltaick\u00e9 panely \u00fa\u010dinnost s postupem \u010dasu?"}]},{"@type":"WebSite","@id":"https:\/\/www.maysunsolar.com\/cs\/#website","url":"https:\/\/www.maysunsolar.com\/cs\/","name":"Professional Photovoltaic Panel Manufacturer","description":"","publisher":{"@id":"https:\/\/www.maysunsolar.com\/cs\/#organization"},"potentialAction":[{"@type":"SearchAction","target":{"@type":"EntryPoint","urlTemplate":"https:\/\/www.maysunsolar.com\/cs\/?s={search_term_string}"},"query-input":{"@type":"PropertyValueSpecification","valueRequired":true,"valueName":"search_term_string"}}],"inLanguage":"cs"},{"@type":"Organization","@id":"https:\/\/www.maysunsolar.com\/cs\/#organization","name":"Maysun Solar","url":"https:\/\/www.maysunsolar.com\/cs\/","logo":{"@type":"ImageObject","inLanguage":"cs","@id":"https:\/\/www.maysunsolar.com\/cs\/#\/schema\/logo\/image\/","url":"https:\/\/www.maysunsolar.com\/wp-content\/uploads\/2023\/12\/\u516c\u53f8logo\u900f\u660e\u5e95\u7f51\u7ad9\u5c0f\u5934\u50cf.png","contentUrl":"https:\/\/www.maysunsolar.com\/wp-content\/uploads\/2023\/12\/\u516c\u53f8logo\u900f\u660e\u5e95\u7f51\u7ad9\u5c0f\u5934\u50cf.png","width":200,"height":200,"caption":"Maysun Solar"},"image":{"@id":"https:\/\/www.maysunsolar.com\/cs\/#\/schema\/logo\/image\/"}},{"@type":"Person","@id":"https:\/\/www.maysunsolar.com\/cs\/#\/schema\/person\/fdfb4709ee9cc4cfa57e755ed9c1ae1a","name":"Brian","image":{"@type":"ImageObject","inLanguage":"cs","@id":"https:\/\/secure.gravatar.com\/avatar\/a2fe047be8cceab00882eda5dba22bea5a6351a7d2906ff3bc7c5c9ede1c0f01?s=96&d=mm&r=g","url":"https:\/\/secure.gravatar.com\/avatar\/a2fe047be8cceab00882eda5dba22bea5a6351a7d2906ff3bc7c5c9ede1c0f01?s=96&d=mm&r=g","contentUrl":"https:\/\/secure.gravatar.com\/avatar\/a2fe047be8cceab00882eda5dba22bea5a6351a7d2906ff3bc7c5c9ede1c0f01?s=96&d=mm&r=g","caption":"Brian"},"description":"Content Marketing Specialist for the Photovoltaic Industry Dedicated to providing thought-provoking articles on the PV industry","sameAs":["http:\/\/wwww.maysunsolar.com","https:\/\/www.facebook.com\/Maysunsolarglobal\/","https:\/\/www.linkedin.com\/newsletters\/maysun-daily-7071768886148222976\/"],"url":"https:\/\/www.maysunsolar.com\/cs\/author\/brian\/"}]}},"uagb_featured_image_src":{"full":["https:\/\/www.maysunsolar.com\/wp-content\/uploads\/2026\/03\/\u5c01\u9762-1.webp",1920,620,false],"thumbnail":["https:\/\/www.maysunsolar.com\/wp-content\/uploads\/2026\/03\/\u5c01\u9762-1-150x150.webp",150,150,true],"medium":["https:\/\/www.maysunsolar.com\/wp-content\/uploads\/2026\/03\/\u5c01\u9762-1-300x97.webp",300,97,true],"medium_large":["https:\/\/www.maysunsolar.com\/wp-content\/uploads\/2026\/03\/\u5c01\u9762-1-768x248.webp",768,248,true],"large":["https:\/\/www.maysunsolar.com\/wp-content\/uploads\/2026\/03\/\u5c01\u9762-1-1024x331.webp",1024,331,true],"1536x1536":["https:\/\/www.maysunsolar.com\/wp-content\/uploads\/2026\/03\/\u5c01\u9762-1-1536x496.webp",1536,496,true],"2048x2048":["https:\/\/www.maysunsolar.com\/wp-content\/uploads\/2026\/03\/\u5c01\u9762-1.webp",1920,620,false],"menu-24x24":["https:\/\/www.maysunsolar.com\/wp-content\/uploads\/2026\/03\/\u5c01\u9762-1-24x8.webp",24,8,true],"menu-36x36":["https:\/\/www.maysunsolar.com\/wp-content\/uploads\/2026\/03\/\u5c01\u9762-1-36x12.webp",36,12,true],"menu-48x48":["https:\/\/www.maysunsolar.com\/wp-content\/uploads\/2026\/03\/\u5c01\u9762-1-48x16.webp",48,16,true]},"uagb_author_info":{"display_name":"Brian","author_link":"https:\/\/www.maysunsolar.com\/cs\/author\/brian\/"},"uagb_comment_info":0,"uagb_excerpt":"Fotovoltaick\u00e9 panely mohou s postupem \u010dasu ztr\u00e1cet \u00fa\u010dinnost. Kl\u00ed\u010dov\u00e9 je sledovat degradaci v prvn\u00edm roce, ro\u010dn\u00ed m\u00edru degradace, teplotn\u00ed koeficient a dlouhodob\u00e9 zachov\u00e1n\u00ed v\u00fdkonu.","_links":{"self":[{"href":"https:\/\/www.maysunsolar.com\/cs\/wp-json\/wp\/v2\/posts\/72593","targetHints":{"allow":["GET"]}}],"collection":[{"href":"https:\/\/www.maysunsolar.com\/cs\/wp-json\/wp\/v2\/posts"}],"about":[{"href":"https:\/\/www.maysunsolar.com\/cs\/wp-json\/wp\/v2\/types\/post"}],"author":[{"embeddable":true,"href":"https:\/\/www.maysunsolar.com\/cs\/wp-json\/wp\/v2\/users\/1"}],"replies":[{"embeddable":true,"href":"https:\/\/www.maysunsolar.com\/cs\/wp-json\/wp\/v2\/comments?post=72593"}],"version-history":[{"count":4,"href":"https:\/\/www.maysunsolar.com\/cs\/wp-json\/wp\/v2\/posts\/72593\/revisions"}],"predecessor-version":[{"id":72598,"href":"https:\/\/www.maysunsolar.com\/cs\/wp-json\/wp\/v2\/posts\/72593\/revisions\/72598"}],"wp:featuredmedia":[{"embeddable":true,"href":"https:\/\/www.maysunsolar.com\/cs\/wp-json\/wp\/v2\/media\/72578"}],"wp:attachment":[{"href":"https:\/\/www.maysunsolar.com\/cs\/wp-json\/wp\/v2\/media?parent=72593"}],"wp:term":[{"taxonomy":"category","embeddable":true,"href":"https:\/\/www.maysunsolar.com\/cs\/wp-json\/wp\/v2\/categories?post=72593"},{"taxonomy":"post_tag","embeddable":true,"href":"https:\/\/www.maysunsolar.com\/cs\/wp-json\/wp\/v2\/tags?post=72593"}],"curies":[{"name":"wp","href":"https:\/\/api.w.org\/{rel}","templated":true}]}}