{"id":72588,"date":"2026-03-12T15:00:00","date_gmt":"2026-03-12T07:00:00","guid":{"rendered":"https:\/\/www.maysunsolar.com\/?p=72588"},"modified":"2026-03-12T13:54:19","modified_gmt":"2026-03-12T05:54:19","slug":"blog-eficiencia-y-degradacion-de-los-paneles-solares-con-el-tiempo","status":"publish","type":"post","link":"https:\/\/www.maysunsolar.com\/es\/blog-eficiencia-y-degradacion-de-los-paneles-solares-con-el-tiempo\/","title":{"rendered":"\u00bfLos m\u00f3dulos solares pierden eficiencia con el tiempo?"},"content":{"rendered":"\t\t<div data-elementor-type=\"wp-post\" data-elementor-id=\"72588\" class=\"elementor elementor-72588 elementor-72577\" data-elementor-post-type=\"post\">\n\t\t\t\t\t\t<section class=\"elementor-section elementor-top-section elementor-element elementor-element-af3a245 elementor-section-boxed elementor-section-height-default elementor-section-height-default\" data-id=\"af3a245\" data-element_type=\"section\" data-e-type=\"section\">\n\t\t\t\t\t\t<div class=\"elementor-container elementor-column-gap-default\">\n\t\t\t\t\t<div class=\"elementor-column elementor-col-100 elementor-top-column elementor-element elementor-element-fff6eb7\" data-id=\"fff6eb7\" data-element_type=\"column\" data-e-type=\"column\">\n\t\t\t<div class=\"elementor-widget-wrap elementor-element-populated\">\n\t\t\t\t\t\t<div class=\"elementor-element elementor-element-ef182c1 elementor-widget elementor-widget-text-editor\" data-id=\"ef182c1\" data-element_type=\"widget\" data-e-type=\"widget\" data-widget_type=\"text-editor.default\">\n\t\t\t\t<div class=\"elementor-widget-container\">\n\t\t\t\t\t\t\t\t\t<p><strong data-start=\"636\" data-end=\"643\">S\u00ed.<\/strong> Durante su vida \u00fatil, los <strong data-start=\"670\" data-end=\"695\">m\u00f3dulos fotovoltaicos<\/strong> suelen experimentar cierto nivel de p\u00e9rdida de eficiencia. Sin embargo, este proceso normalmente es lento y previsible. Lo realmente importante es comprobar si la velocidad de degradaci\u00f3n se mantiene estable y si puede afectar a la producci\u00f3n de energ\u00eda a largo plazo.<\/p>\t\t\t\t\t\t\t\t<\/div>\n\t\t\t\t<\/div>\n\t\t\t\t\t<\/div>\n\t\t<\/div>\n\t\t\t\t\t<\/div>\n\t\t<\/section>\n\t\t\t\t<section class=\"elementor-section elementor-top-section elementor-element elementor-element-20f0ab4 elementor-section-boxed elementor-section-height-default elementor-section-height-default\" data-id=\"20f0ab4\" data-element_type=\"section\" data-e-type=\"section\">\n\t\t\t\t\t\t<div class=\"elementor-container elementor-column-gap-default\">\n\t\t\t\t\t<div class=\"elementor-column elementor-col-100 elementor-top-column elementor-element elementor-element-7f632a9\" data-id=\"7f632a9\" data-element_type=\"column\" data-e-type=\"column\">\n\t\t\t<div class=\"elementor-widget-wrap elementor-element-populated\">\n\t\t\t\t\t\t<div class=\"elementor-element elementor-element-ce660e1 elementor-toc--minimized-on-tablet elementor-widget elementor-widget-table-of-contents\" data-id=\"ce660e1\" data-element_type=\"widget\" data-e-type=\"widget\" data-settings=\"{&quot;headings_by_tags&quot;:[&quot;h2&quot;],&quot;exclude_headings_by_selector&quot;:[],&quot;no_headings_message&quot;:&quot;No headings were found on this page.&quot;,&quot;marker_view&quot;:&quot;numbers&quot;,&quot;minimize_box&quot;:&quot;yes&quot;,&quot;minimized_on&quot;:&quot;tablet&quot;,&quot;hierarchical_view&quot;:&quot;yes&quot;,&quot;min_height&quot;:{&quot;unit&quot;:&quot;px&quot;,&quot;size&quot;:&quot;&quot;,&quot;sizes&quot;:[]},&quot;min_height_tablet&quot;:{&quot;unit&quot;:&quot;px&quot;,&quot;size&quot;:&quot;&quot;,&quot;sizes&quot;:[]},&quot;min_height_mobile&quot;:{&quot;unit&quot;:&quot;px&quot;,&quot;size&quot;:&quot;&quot;,&quot;sizes&quot;:[]}}\" data-widget_type=\"table-of-contents.default\">\n\t\t\t\t<div class=\"elementor-widget-container\">\n\t\t\t\t\t\t\t\t\t<div class=\"elementor-toc__header\">\n\t\t\t\t\t\t<h2 class=\"elementor-toc__header-title\">\n\t\t\t\tTable of Contents\t\t\t<\/h2>\n\t\t\t\t\t\t\t\t\t\t<div class=\"elementor-toc__toggle-button elementor-toc__toggle-button--expand\" role=\"button\" tabindex=\"0\" aria-controls=\"elementor-toc__ce660e1\" aria-expanded=\"true\" aria-label=\"Abrir la tabla de contenidos\"><i aria-hidden=\"true\" class=\"fas fa-chevron-down\"><\/i><\/div>\n\t\t\t\t<div class=\"elementor-toc__toggle-button elementor-toc__toggle-button--collapse\" role=\"button\" tabindex=\"0\" aria-controls=\"elementor-toc__ce660e1\" aria-expanded=\"true\" aria-label=\"Cerrar la tabla de contenidos\"><i aria-hidden=\"true\" class=\"fas fa-chevron-up\"><\/i><\/div>\n\t\t\t\t\t<\/div>\n\t\t\t\t<div id=\"elementor-toc__ce660e1\" class=\"elementor-toc__body\">\n\t\t\t<div class=\"elementor-toc__spinner-container\">\n\t\t\t\t<i class=\"elementor-toc__spinner eicon-animation-spin eicon-loading\" aria-hidden=\"true\"><\/i>\t\t\t<\/div>\n\t\t<\/div>\n\t\t\t\t\t\t<\/div>\n\t\t\t\t<\/div>\n\t\t\t\t\t<\/div>\n\t\t<\/div>\n\t\t\t\t\t<\/div>\n\t\t<\/section>\n\t\t\t\t<section class=\"elementor-section elementor-top-section elementor-element elementor-element-246c186 elementor-section-boxed elementor-section-height-default elementor-section-height-default\" data-id=\"246c186\" data-element_type=\"section\" data-e-type=\"section\">\n\t\t\t\t\t\t<div class=\"elementor-container elementor-column-gap-default\">\n\t\t\t\t\t<div class=\"elementor-column elementor-col-100 elementor-top-column elementor-element elementor-element-ee134b2\" data-id=\"ee134b2\" data-element_type=\"column\" data-e-type=\"column\">\n\t\t\t<div class=\"elementor-widget-wrap elementor-element-populated\">\n\t\t\t\t\t\t<div class=\"elementor-element elementor-element-aaeb374 elementor-widget elementor-widget-text-editor\" data-id=\"aaeb374\" data-element_type=\"widget\" data-e-type=\"widget\" data-widget_type=\"text-editor.default\">\n\t\t\t\t<div class=\"elementor-widget-container\">\n\t\t\t\t\t\t\t\t\t<p>Si desea comprender mejor la <strong data-start=\"87\" data-end=\"215\">degradaci\u00f3n del primer a\u00f1o, la degradaci\u00f3n lineal y las diferencias de rendimiento a largo plazo entre distintas tecnolog\u00edas<\/strong>, puede seguir leyendo la <strong><a href=\"https:\/\/www.maysunsolar.com\/blog-2023-guide-of-understanding-solar-panel-degradation-2\/\" target=\"_blank\" rel=\"noopener\"><em data-start=\"241\" data-end=\"291\"><span style=\"color: #009896;\">Gu\u00eda sobre la degradaci\u00f3n de los paneles solares<\/span><\/em><\/a><\/strong>.<\/p>\t\t\t\t\t\t\t\t<\/div>\n\t\t\t\t<\/div>\n\t\t\t\t\t<\/div>\n\t\t<\/div>\n\t\t\t\t\t<\/div>\n\t\t<\/section>\n\t\t\t\t<section class=\"elementor-section elementor-top-section elementor-element elementor-element-f6c4f97 elementor-section-boxed elementor-section-height-default elementor-section-height-default\" data-id=\"f6c4f97\" data-element_type=\"section\" data-e-type=\"section\">\n\t\t\t\t\t\t<div class=\"elementor-container elementor-column-gap-default\">\n\t\t\t\t\t<div class=\"elementor-column elementor-col-100 elementor-top-column elementor-element elementor-element-59acdc6\" data-id=\"59acdc6\" data-element_type=\"column\" data-e-type=\"column\">\n\t\t\t<div class=\"elementor-widget-wrap elementor-element-populated\">\n\t\t\t\t\t\t<div class=\"elementor-element elementor-element-727d2be elementor-widget elementor-widget-text-editor\" data-id=\"727d2be\" data-element_type=\"widget\" data-e-type=\"widget\" data-widget_type=\"text-editor.default\">\n\t\t\t\t<div class=\"elementor-widget-container\">\n\t\t\t\t\t\t\t\t\t<h2 data-section-id=\"1bfqnia\" data-start=\"294\" data-end=\"349\"><strong>\u00bfPor qu\u00e9 los m\u00f3dulos solares pierden eficiencia?<\/strong><\/h2><p data-start=\"351\" data-end=\"652\">Los m\u00f3dulos solares tienden a perder eficiencia con el tiempo principalmente porque una parte de la luz solar deja de convertirse en electricidad con la misma eficacia que al inicio, y porque la electricidad ya generada tambi\u00e9n puede sufrir mayores p\u00e9rdidas durante su transmisi\u00f3n dentro del m\u00f3dulo.<\/p><p data-start=\"654\" data-end=\"910\">Este proceso no se debe a la falla repentina de un solo componente, sino al resultado de cambios graduales en las <strong data-start=\"768\" data-end=\"853\">c\u00e9lulas solares, los materiales de encapsulaci\u00f3n y la estructura de interconexi\u00f3n<\/strong> durante largos periodos de funcionamiento en exteriores.<\/p><p data-start=\"912\" data-end=\"986\">En t\u00e9rminos generales, los mecanismos de degradaci\u00f3n m\u00e1s comunes incluyen:<\/p><ul data-start=\"988\" data-end=\"2828\"><li data-section-id=\"18ckhgy\" data-start=\"988\" data-end=\"1458\"><p data-start=\"990\" data-end=\"1458\"><strong data-start=\"990\" data-end=\"1042\">Reducci\u00f3n de la actividad de las c\u00e9lulas solares<\/strong><br data-start=\"1042\" data-end=\"1045\" \/>Tras una exposici\u00f3n prolongada a la radiaci\u00f3n solar y a las variaciones de temperatura, aumenta la recombinaci\u00f3n de portadores dentro de las c\u00e9lulas, lo que reduce la cantidad de carga que puede recogerse y transferirse al circuito. Como resultado, la capacidad de generaci\u00f3n el\u00e9ctrica disminuye gradualmente. En algunas tecnolog\u00edas, este cambio puede ser m\u00e1s evidente en la fase inicial antes de estabilizarse.<\/p><\/li><li data-section-id=\"ympk00\" data-start=\"1460\" data-end=\"1888\"><p data-start=\"1462\" data-end=\"1888\"><strong data-start=\"1462\" data-end=\"1516\">Aumento progresivo de las p\u00e9rdidas por resistencia<\/strong><br data-start=\"1516\" data-end=\"1519\" \/>Durante la generaci\u00f3n el\u00e9ctrica, la corriente debe transmitirse a trav\u00e9s de l\u00edneas met\u00e1licas, cintas de soldadura y puntos de conexi\u00f3n. Con el paso del tiempo, si aparecen fatiga en las soldaduras, envejecimiento en las interconexiones o deterioro del contacto el\u00e9ctrico, la resistencia interna aumenta y se incrementan las p\u00e9rdidas de energ\u00eda durante la transmisi\u00f3n.<\/p><\/li><li data-section-id=\"qxwb10\" data-start=\"1890\" data-end=\"2384\"><p data-start=\"1892\" data-end=\"2384\"><strong data-start=\"1892\" data-end=\"1985\">Disminuci\u00f3n de la transparencia y capacidad protectora de los materiales de encapsulaci\u00f3n<\/strong><br data-start=\"1985\" data-end=\"1988\" \/>Materiales como el vidrio, las l\u00e1minas encapsulantes y las capas posteriores est\u00e1n expuestos durante a\u00f1os a radiaci\u00f3n ultravioleta, altas temperaturas y humedad. Esto puede provocar envejecimiento, amarillamiento o p\u00e9rdida de propiedades, reduciendo la cantidad de luz efectiva que llega a las c\u00e9lulas o facilitando la entrada de humedad y tensiones mec\u00e1nicas que afectan la estructura interna.<\/p><\/li><li data-section-id=\"1px9wyr\" data-start=\"2386\" data-end=\"2828\"><p data-start=\"2388\" data-end=\"2828\"><strong data-start=\"2388\" data-end=\"2440\">Acumulaci\u00f3n de microfisuras y desajustes locales<\/strong><br data-start=\"2440\" data-end=\"2443\" \/>El transporte, la instalaci\u00f3n, las cargas de viento o nieve y los ciclos t\u00e9rmicos pueden provocar peque\u00f1os da\u00f1os en las c\u00e9lulas o en las conexiones. Al principio estos defectos pueden no generar fallos visibles, pero con el tiempo pueden provocar bloqueos parciales de corriente, calentamientos localizados o desajustes el\u00e9ctricos que terminan reduciendo la potencia real del m\u00f3dulo.<\/p><\/li><\/ul>\t\t\t\t\t\t\t\t<\/div>\n\t\t\t\t<\/div>\n\t\t\t\t<div class=\"elementor-element elementor-element-7d67b8a elementor-widget elementor-widget-image\" data-id=\"7d67b8a\" data-element_type=\"widget\" data-e-type=\"widget\" data-widget_type=\"image.default\">\n\t\t\t\t<div class=\"elementor-widget-container\">\n\t\t\t\t\t\t\t\t\t\t\t\t\t\t\t<img fetchpriority=\"high\" decoding=\"async\" width=\"900\" height=\"600\" src=\"https:\/\/www.maysunsolar.com\/wp-content\/uploads\/2026\/03\/900-1-en.png\" class=\"attachment-large size-large wp-image-72580 has-transparency\" alt=\"Solar panel efficiency degradation mechanism diagram showing how environmental stress, material ageing and increased resistive losses reduce solar panel output over time.\" srcset=\"https:\/\/www.maysunsolar.com\/wp-content\/uploads\/2026\/03\/900-1-en.png 900w, https:\/\/www.maysunsolar.com\/wp-content\/uploads\/2026\/03\/900-1-en-300x200.png 300w, https:\/\/www.maysunsolar.com\/wp-content\/uploads\/2026\/03\/900-1-en-768x512.png 768w, https:\/\/www.maysunsolar.com\/wp-content\/uploads\/2026\/03\/900-1-en-24x16.png 24w, https:\/\/www.maysunsolar.com\/wp-content\/uploads\/2026\/03\/900-1-en-36x24.png 36w, https:\/\/www.maysunsolar.com\/wp-content\/uploads\/2026\/03\/900-1-en-48x32.png 48w\" sizes=\"(max-width: 900px) 100vw, 900px\" data-has-transparency=\"true\" data-dominant-color=\"e6e6e6\" style=\"--dominant-color: #e6e6e6\" \/>\t\t\t\t\t\t\t\t\t\t\t\t\t\t\t<\/div>\n\t\t\t\t<\/div>\n\t\t\t\t\t<\/div>\n\t\t<\/div>\n\t\t\t\t\t<\/div>\n\t\t<\/section>\n\t\t\t\t<section class=\"elementor-section elementor-top-section elementor-element elementor-element-83f13c5 elementor-section-boxed elementor-section-height-default elementor-section-height-default\" data-id=\"83f13c5\" data-element_type=\"section\" data-e-type=\"section\">\n\t\t\t\t\t\t<div class=\"elementor-container elementor-column-gap-default\">\n\t\t\t\t\t<div class=\"elementor-column elementor-col-100 elementor-top-column elementor-element elementor-element-9893818\" data-id=\"9893818\" data-element_type=\"column\" data-e-type=\"column\">\n\t\t\t<div class=\"elementor-widget-wrap elementor-element-populated\">\n\t\t\t\t\t\t<div class=\"elementor-element elementor-element-827406b elementor-widget elementor-widget-text-editor\" data-id=\"827406b\" data-element_type=\"widget\" data-e-type=\"widget\" data-widget_type=\"text-editor.default\">\n\t\t\t\t<div class=\"elementor-widget-container\">\n\t\t\t\t\t\t\t\t\t<h2 data-section-id=\"rzst99\" data-start=\"0\" data-end=\"59\"><strong>Qu\u00e9 factores influyen en la velocidad de degradaci\u00f3n<\/strong><\/h2><p data-start=\"61\" data-end=\"426\">Aunque los <strong data-start=\"72\" data-end=\"91\">m\u00f3dulos solares<\/strong> suelen experimentar cierto nivel de p\u00e9rdida de eficiencia con el paso del tiempo, la velocidad de esta degradaci\u00f3n puede variar considerablemente entre distintos proyectos. Estas diferencias suelen estar relacionadas con la tecnolog\u00eda utilizada, la estructura de encapsulaci\u00f3n, el entorno de instalaci\u00f3n y las condiciones del sistema.<\/p><p data-start=\"428\" data-end=\"464\"><strong data-start=\"428\" data-end=\"464\">Desde la perspectiva del tiempo:<\/strong><\/p><ul data-start=\"466\" data-end=\"931\"><li data-section-id=\"pt1g1d\" data-start=\"466\" data-end=\"572\"><p data-start=\"468\" data-end=\"572\">Durante el <strong data-start=\"479\" data-end=\"506\">primer a\u00f1o de operaci\u00f3n<\/strong>, suele observarse la fase inicial de cambios en el rendimiento.<\/p><\/li><li data-section-id=\"5x9p2k\" data-start=\"573\" data-end=\"771\"><p data-start=\"575\" data-end=\"771\">En el <strong data-start=\"581\" data-end=\"624\">periodo medio y largo de funcionamiento<\/strong>, si el estado del m\u00f3dulo se mantiene estable, la p\u00e9rdida de eficiencia suele transformarse en un proceso de degradaci\u00f3n m\u00e1s lento y acumulativo.<\/p><\/li><li data-section-id=\"1mb3hot\" data-start=\"772\" data-end=\"931\"><p data-start=\"774\" data-end=\"931\">Tras <strong data-start=\"779\" data-end=\"798\">5\u201310 a\u00f1os o m\u00e1s<\/strong>, las diferencias en materiales, dise\u00f1o estructural y estabilidad a largo plazo entre distintos m\u00f3dulos suelen hacerse m\u00e1s evidentes.<\/p><\/li><\/ul><p data-start=\"933\" data-end=\"980\"><strong data-start=\"933\" data-end=\"980\">Desde la perspectiva del entorno clim\u00e1tico:<\/strong><\/p><ul data-start=\"982\" data-end=\"1593\"><li data-section-id=\"7mo9ih\" data-start=\"982\" data-end=\"1102\"><p data-start=\"984\" data-end=\"1102\">Los <strong data-start=\"988\" data-end=\"1022\">tejados con altas temperaturas<\/strong> tienden a amplificar el estr\u00e9s t\u00e9rmico y el envejecimiento de los materiales.<\/p><\/li><li data-section-id=\"1yrhw0l\" data-start=\"1103\" data-end=\"1280\"><p data-start=\"1105\" data-end=\"1280\">Los entornos <strong data-start=\"1118\" data-end=\"1172\">h\u00famedos, costeros o con presencia de niebla salina<\/strong> exigen mayor estabilidad a largo plazo en los materiales de encapsulaci\u00f3n y en las conexiones el\u00e9ctricas.<\/p><\/li><li data-section-id=\"zua5b2\" data-start=\"1281\" data-end=\"1409\"><p data-start=\"1283\" data-end=\"1409\">Las zonas con <strong data-start=\"1297\" data-end=\"1328\">alta radiaci\u00f3n ultravioleta<\/strong> ponen a prueba continuamente la resistencia a la intemperie de los materiales.<\/p><\/li><li data-section-id=\"1nv56wz\" data-start=\"1410\" data-end=\"1593\"><p data-start=\"1412\" data-end=\"1593\">Las regiones con <strong data-start=\"1429\" data-end=\"1491\">grandes diferencias de temperatura entre el d\u00eda y la noche<\/strong> y frecuentes ciclos t\u00e9rmicos pueden aumentar el riesgo de fatiga en las soldaduras y de microfisuras.<\/p><\/li><\/ul><p data-start=\"1595\" data-end=\"1769\" data-is-last-node=\"\" data-is-only-node=\"\">La degradaci\u00f3n de los m\u00f3dulos no depende \u00fanicamente del <strong data-start=\"1651\" data-end=\"1668\">tiempo de uso<\/strong>, sino del efecto combinado entre el paso del tiempo y las condiciones ambientales en las que operan.<\/p>\t\t\t\t\t\t\t\t<\/div>\n\t\t\t\t<\/div>\n\t\t\t\t<div class=\"elementor-element elementor-element-cf6345e elementor-widget elementor-widget-html\" data-id=\"cf6345e\" data-element_type=\"widget\" data-e-type=\"widget\" data-widget_type=\"html.default\">\n\t\t\t\t<div class=\"elementor-widget-container\">\n\t\t\t\t\t<style>\r\n  .ms-tech-compare {\r\n    font-family: Inter, Arial, sans-serif;\r\n    font-size: 16px;\r\n    line-height: 1.7;\r\n    color: #222;\r\n  }\r\n\r\n  .ms-tech-compare p {\r\n    margin: 0 0 14px 0;\r\n  }\r\n\r\n  .ms-tech-compare .ms-note {\r\n    margin-top: 12px;\r\n    font-size: 14px;\r\n    color: #666;\r\n  }\r\n\r\n  .ms-tech-table {\r\n    width: 100%;\r\n    border-collapse: collapse;\r\n    border: 1px solid #d9d9d9;\r\n    font-family: Inter, Arial, sans-serif;\r\n    font-size: 15px;\r\n    line-height: 1.6;\r\n  }\r\n\r\n  .ms-tech-table th,\r\n  .ms-tech-table td {\r\n    border: 1px solid #d9d9d9;\r\n    padding: 10px 12px;\r\n    text-align: center;\r\n    vertical-align: middle;\r\n  }\r\n\r\n  .ms-tech-table th {\r\n    background-color: #f5f5f5;\r\n    font-weight: 600;\r\n  }\r\n<\/style>\r\n\r\n<div class=\"ms-tech-compare\">\r\n  <h3>Comparaci\u00f3n del rendimiento a largo plazo de distintas tecnolog\u00edas:<\/h3>\r\n\r\n  <table class=\"ms-tech-table\">\r\n    <thead>\r\n      <tr>\r\n        <th>Tecnolog\u00eda<\/th>\r\n        <th>Estructura de encapsulado<\/th>\r\n        <th>Degradaci\u00f3n del primer a\u00f1o (%)<\/th>\r\n        <th>Degradaci\u00f3n anual (%\/a\u00f1o)<\/th>\r\n        <th>Coeficiente de temperatura (%\/\u00b0C)<\/th>\r\n      <\/tr>\r\n    <\/thead>\r\n    <tbody>\r\n      <tr>\r\n        <td>IBC<\/td>\r\n        <td>Vidrio simple<\/td>\r\n        <td>aprox. 1.5<\/td>\r\n        <td>aprox. 0.4<\/td>\r\n        <td>aprox. -0.29<\/td>\r\n      <\/tr>\r\n      <tr>\r\n        <td>TOPCon<\/td>\r\n        <td>Bifacial vidrio-vidrio<\/td>\r\n        <td>aprox. 1.5<\/td>\r\n        <td>aprox. 0.4<\/td>\r\n        <td>aprox. -0.29\uff5e-0.32<\/td>\r\n      <\/tr>\r\n      <tr>\r\n        <td>HJT<\/td>\r\n        <td>Bifacial vidrio-vidrio<\/td>\r\n        <td>aprox. 1.0<\/td>\r\n        <td>aprox. 0.35<\/td>\r\n        <td>aprox. -0.243<\/td>\r\n      <\/tr>\r\n    <\/tbody>\r\n  <\/table>\r\n\r\n  <p class=\"ms-note\">Nota: Los datos anteriores son valores de referencia t\u00edpicos. Consulte las fichas t\u00e9cnicas de cada producto para obtener informaci\u00f3n espec\u00edfica.<\/p>\r\n<\/div>\t\t\t\t<\/div>\n\t\t\t\t<\/div>\n\t\t\t\t\t<\/div>\n\t\t<\/div>\n\t\t\t\t\t<\/div>\n\t\t<\/section>\n\t\t\t\t<section class=\"elementor-section elementor-top-section elementor-element elementor-element-9044e1f elementor-section-boxed elementor-section-height-default elementor-section-height-default\" data-id=\"9044e1f\" data-element_type=\"section\" data-e-type=\"section\">\n\t\t\t\t\t\t<div class=\"elementor-container elementor-column-gap-default\">\n\t\t\t\t\t<div class=\"elementor-column elementor-col-100 elementor-top-column elementor-element elementor-element-ae460d5\" data-id=\"ae460d5\" data-element_type=\"column\" data-e-type=\"column\">\n\t\t\t<div class=\"elementor-widget-wrap elementor-element-populated\">\n\t\t\t\t\t\t<div class=\"elementor-element elementor-element-d461b26 elementor-widget elementor-widget-text-editor\" data-id=\"d461b26\" data-element_type=\"widget\" data-e-type=\"widget\" data-widget_type=\"text-editor.default\">\n\t\t\t\t<div class=\"elementor-widget-container\">\n\t\t\t\t\t\t\t\t\t<h2 data-section-id=\"nxznjj\" data-start=\"0\" data-end=\"68\"><strong>Qu\u00e9 datos de degradaci\u00f3n conviene analizar con mayor atenci\u00f3n<\/strong><\/h2><p data-start=\"70\" data-end=\"461\">Al evaluar el rendimiento a largo plazo de los <strong data-start=\"117\" data-end=\"136\">m\u00f3dulos solares<\/strong>, no basta con fijarse \u00fanicamente en si ofrecen una garant\u00eda de 25 a\u00f1os. Es m\u00e1s importante analizar indicadores concretos de degradaci\u00f3n. Los que realmente influyen en la capacidad de generaci\u00f3n a largo plazo suelen ser la <strong data-start=\"359\" data-end=\"389\">degradaci\u00f3n del primer a\u00f1o<\/strong>, la <strong data-start=\"394\" data-end=\"415\">degradaci\u00f3n anual<\/strong> y la <strong data-start=\"421\" data-end=\"460\">retenci\u00f3n de potencia a largo plazo<\/strong>.<\/p><p data-start=\"463\" data-end=\"978\">La <strong data-start=\"466\" data-end=\"496\">degradaci\u00f3n del primer a\u00f1o<\/strong> refleja el nivel de cambio en el rendimiento del m\u00f3dulo durante la fase inicial de funcionamiento. Este indicador es importante porque algunos m\u00f3dulos pueden experimentar una ca\u00edda de rendimiento relativamente m\u00e1s notable al comienzo, antes de entrar en una fase de degradaci\u00f3n lineal m\u00e1s lenta. Si la degradaci\u00f3n del primer a\u00f1o es elevada, la producci\u00f3n acumulada a largo plazo puede verse afectada, incluso si la degradaci\u00f3n anual posterior se mantiene dentro de un rango normal.<\/p><p data-start=\"980\" data-end=\"1499\">La <strong data-start=\"983\" data-end=\"1004\">degradaci\u00f3n anual<\/strong> indica la velocidad de descenso del rendimiento una vez que el m\u00f3dulo entra en una fase de operaci\u00f3n estable. En proyectos con largos periodos de funcionamiento, este indicador suele ser m\u00e1s relevante que peque\u00f1as diferencias en la potencia inicial. Esto se debe a que el nivel real de producci\u00f3n despu\u00e9s de 10, 15 o incluso 25 a\u00f1os suele depender menos de unos pocos vatios adicionales al principio y m\u00e1s de si la degradaci\u00f3n anual posterior se mantiene estable y dentro de un rango razonable.<\/p><p data-start=\"1501\" data-end=\"1989\">La <strong data-start=\"1504\" data-end=\"1543\">retenci\u00f3n de potencia a largo plazo<\/strong> corresponde al nivel de potencia garantizado del m\u00f3dulo despu\u00e9s de 25 a\u00f1os o m\u00e1s de funcionamiento. En comparaci\u00f3n con destacar \u00fanicamente la duraci\u00f3n de la garant\u00eda, este dato refleja mejor el significado real de la curva de rendimiento a largo plazo. La garant\u00eda indica solo la duraci\u00f3n del compromiso, mientras que la retenci\u00f3n de potencia est\u00e1 m\u00e1s directamente relacionada con el valor real de la generaci\u00f3n de energ\u00eda a lo largo del tiempo.<\/p><p data-start=\"1991\" data-end=\"2128\">Adem\u00e1s de estos tres indicadores, tambi\u00e9n es importante distinguir entre <strong data-start=\"2064\" data-end=\"2086\">degradaci\u00f3n normal<\/strong> y <strong data-start=\"2089\" data-end=\"2127\">cambios an\u00f3malos en el rendimiento<\/strong>.<\/p><p data-start=\"2130\" data-end=\"2170\"><strong data-start=\"2130\" data-end=\"2170\">Situaciones generalmente aceptables:<\/strong><\/p><ul data-start=\"2172\" data-end=\"2521\"><li data-section-id=\"1wm1do1\" data-start=\"2172\" data-end=\"2269\"><p data-start=\"2174\" data-end=\"2269\">Existe cierto cambio de rendimiento en el primer a\u00f1o, seguido de una degradaci\u00f3n m\u00e1s estable.<\/p><\/li><li data-section-id=\"1nsrtnm\" data-start=\"2270\" data-end=\"2381\"><p data-start=\"2272\" data-end=\"2381\">La degradaci\u00f3n anual se mantiene en un nivel relativamente bajo y la curva a largo plazo permanece estable.<\/p><\/li><li data-section-id=\"sz3k43\" data-start=\"2382\" data-end=\"2521\"><p data-start=\"2384\" data-end=\"2521\">Las variaciones en la producci\u00f3n pueden explicarse por factores como la temperatura, la irradiaci\u00f3n, el polvo o los cambios estacionales.<\/p><\/li><\/ul><p data-start=\"2523\" data-end=\"2568\"><strong data-start=\"2523\" data-end=\"2568\">Situaciones que requieren mayor atenci\u00f3n:<\/strong><\/p><ul data-start=\"2570\" data-end=\"2978\"><li data-section-id=\"188ae9y\" data-start=\"2570\" data-end=\"2653\"><p data-start=\"2572\" data-end=\"2653\">Una ca\u00edda de potencia notablemente r\u00e1pida ya en los primeros a\u00f1os de operaci\u00f3n.<\/p><\/li><li data-section-id=\"2p1xei\" data-start=\"2654\" data-end=\"2764\"><p data-start=\"2656\" data-end=\"2764\">Diferencias cada vez mayores en el rendimiento entre m\u00f3dulos del mismo proyecto con condiciones similares.<\/p><\/li><li data-section-id=\"t3penz\" data-start=\"2765\" data-end=\"2834\"><p data-start=\"2767\" data-end=\"2834\">Descensos bruscos de la producci\u00f3n en lugar de cambios graduales.<\/p><\/li><li data-section-id=\"1e6sv14\" data-start=\"2835\" data-end=\"2978\"><p data-start=\"2837\" data-end=\"2978\">Disminuci\u00f3n del rendimiento acompa\u00f1ada de problemas como <strong data-start=\"2894\" data-end=\"2907\">hot spots<\/strong>, <strong data-start=\"2909\" data-end=\"2916\">PID<\/strong>, anomal\u00edas en el encapsulado o sobrecalentamiento localizado.<\/p><\/li><\/ul><p data-start=\"2980\" data-end=\"3351\" data-is-last-node=\"\" data-is-only-node=\"\">Al evaluar el comportamiento a largo plazo de un m\u00f3dulo, conviene prestar especial atenci\u00f3n a <strong data-start=\"3074\" data-end=\"3223\">cu\u00e1nto disminuye el rendimiento en el primer a\u00f1o, cu\u00e1nto desciende cada a\u00f1o posteriormente y qu\u00e9 nivel de potencia puede mantenerse a largo plazo<\/strong>. Solo analizando conjuntamente estos indicadores es posible evaluar con mayor precisi\u00f3n la estabilidad del m\u00f3dulo en el tiempo.<\/p>\t\t\t\t\t\t\t\t<\/div>\n\t\t\t\t<\/div>\n\t\t\t\t<div class=\"elementor-element elementor-element-e8c264e elementor-widget elementor-widget-image\" data-id=\"e8c264e\" data-element_type=\"widget\" data-e-type=\"widget\" data-widget_type=\"image.default\">\n\t\t\t\t<div class=\"elementor-widget-container\">\n\t\t\t\t\t\t\t\t\t\t\t\t\t\t\t<img decoding=\"async\" width=\"900\" height=\"600\" src=\"https:\/\/www.maysunsolar.com\/wp-content\/uploads\/2026\/03\/900-3-en.png\" class=\"attachment-large size-large wp-image-72581 has-transparency\" alt=\"Solar panel degradation curve illustrating first-year degradation, annual degradation and the difference between normal and abnormal degradation in long-term output.\" srcset=\"https:\/\/www.maysunsolar.com\/wp-content\/uploads\/2026\/03\/900-3-en.png 900w, https:\/\/www.maysunsolar.com\/wp-content\/uploads\/2026\/03\/900-3-en-300x200.png 300w, https:\/\/www.maysunsolar.com\/wp-content\/uploads\/2026\/03\/900-3-en-768x512.png 768w, https:\/\/www.maysunsolar.com\/wp-content\/uploads\/2026\/03\/900-3-en-24x16.png 24w, https:\/\/www.maysunsolar.com\/wp-content\/uploads\/2026\/03\/900-3-en-36x24.png 36w, https:\/\/www.maysunsolar.com\/wp-content\/uploads\/2026\/03\/900-3-en-48x32.png 48w\" sizes=\"(max-width: 900px) 100vw, 900px\" data-has-transparency=\"true\" data-dominant-color=\"f8f8f8\" style=\"--dominant-color: #f8f8f8\" \/>\t\t\t\t\t\t\t\t\t\t\t\t\t\t\t<\/div>\n\t\t\t\t<\/div>\n\t\t\t\t\t<\/div>\n\t\t<\/div>\n\t\t\t\t\t<\/div>\n\t\t<\/section>\n\t\t\t\t<section class=\"elementor-section elementor-top-section elementor-element elementor-element-38ed9bf elementor-section-boxed elementor-section-height-default elementor-section-height-default\" data-id=\"38ed9bf\" data-element_type=\"section\" data-e-type=\"section\">\n\t\t\t\t\t\t<div class=\"elementor-container elementor-column-gap-default\">\n\t\t\t\t\t<div class=\"elementor-column elementor-col-100 elementor-top-column elementor-element elementor-element-597f129\" data-id=\"597f129\" data-element_type=\"column\" data-e-type=\"column\">\n\t\t\t<div class=\"elementor-widget-wrap elementor-element-populated\">\n\t\t\t\t\t\t<div class=\"elementor-element elementor-element-d7e244b elementor-widget elementor-widget-html\" data-id=\"d7e244b\" data-element_type=\"widget\" data-e-type=\"widget\" data-widget_type=\"html.default\">\n\t\t\t\t<div class=\"elementor-widget-container\">\n\t\t\t\t\t<link href=\"https:\/\/fonts.googleapis.com\/css2?family=Inter:wght@400;600;700&display=swap\" rel=\"stylesheet\">\r\n\r\n<section class=\"blk-faq\" style=\"padding:20px 0; background:#ffffff;\">\r\n  <style>\r\n    .blk-faq .wrap{\r\n      max-width:1200px;\r\n      margin:auto;\r\n      padding:0 24px;\r\n      font-family:Inter,system-ui,sans-serif;\r\n    }\r\n    .blk-faq .section-title{\r\n      font:600 36px\/1.2 Inter,system-ui,sans-serif;\r\n      margin:0 0 16px;\r\n      text-align:center;\r\n      position:relative;\r\n      color:#111827;\r\n    }\r\n    .blk-faq .section-title::after{\r\n      content:'';\r\n      display:block;\r\n      width:60px;\r\n      height:3px;\r\n      background:#009896;\r\n      margin:16px auto 24px;\r\n      border-radius:2px;\r\n    }\r\n    .blk-faq .section-subtitle{\r\n      font-size:18px;\r\n      color:#5b616e;\r\n      text-align:center;\r\n      max-width:760px;\r\n      margin:0 auto 24px;\r\n      line-height:1.7;\r\n    }\r\n    .blk-faq details{\r\n      border:1px solid #e8edf2;\r\n      border-radius:12px;\r\n      padding:20px;\r\n      background:#fff;\r\n      transition:border-color .3s ease;\r\n      margin-bottom:16px;\r\n    }\r\n    .blk-faq details:hover{\r\n      border-color:#4fb8b6;\r\n    }\r\n    .blk-faq summary{\r\n      font-weight:600;\r\n      cursor:pointer;\r\n      padding:4px 0;\r\n      font-size:18px;\r\n      outline:none;\r\n      color:#111827;\r\n      line-height:1.5;\r\n    }\r\n    .blk-faq summary::-webkit-details-marker{\r\n      display:none;\r\n    }\r\n    .blk-faq summary::after{\r\n      content:\"+\";\r\n      float:right;\r\n      font-size:22px;\r\n      line-height:1;\r\n      color:#009896;\r\n      margin-left:12px;\r\n    }\r\n    .blk-faq details[open] summary::after{\r\n      content:\"\u2212\";\r\n    }\r\n    .blk-faq p.p{\r\n      color:#5b616e;\r\n      line-height:1.8;\r\n      margin:12px 0 0;\r\n      font-size:16px;\r\n    }\r\n\r\n    @media (max-width:768px){\r\n      .blk-faq .wrap{\r\n        padding:0 16px;\r\n      }\r\n      .blk-faq .section-title{\r\n        font-size:28px;\r\n      }\r\n      .blk-faq .section-subtitle{\r\n        font-size:16px;\r\n      }\r\n      .blk-faq summary{\r\n        font-size:17px;\r\n      }\r\n      .blk-faq p.p{\r\n        font-size:15px;\r\n      }\r\n    }\r\n  <\/style>\r\n\r\n  <div class=\"wrap\">\r\n    <div class=\"faq\">\r\n      <h2 class=\"section-title\">Preguntas frecuentes<\/h2>\r\n      <p class=\"section-subtitle\">Respuestas a preguntas comunes sobre la degradaci\u00f3n de eficiencia y el rendimiento a largo plazo de los m\u00f3dulos solares<\/p>\r\n\r\n      <details>\r\n        <summary>\u00bfLos m\u00f3dulos solares pierden eficiencia cada a\u00f1o?<\/summary>\r\n        <p class=\"p\">Por lo general s\u00ed, pero la disminuci\u00f3n suele ser lenta y acumulativa. En la mayor\u00eda de los proyectos fotovoltaicos, cierto nivel de degradaci\u00f3n es normal. Lo importante es observar si la velocidad de degradaci\u00f3n se mantiene estable y dentro de un rango razonable en la industria.<\/p>\r\n      <\/details>\r\n\r\n      <details>\r\n        <summary>\u00bfCu\u00e1l es la diferencia entre la degradaci\u00f3n del primer a\u00f1o y la degradaci\u00f3n posterior?<\/summary>\r\n        <p class=\"p\">La degradaci\u00f3n del primer a\u00f1o se refiere a un cambio relativamente m\u00e1s evidente en el rendimiento durante la fase inicial de operaci\u00f3n del m\u00f3dulo. La degradaci\u00f3n posterior corresponde al descenso lineal que ocurre cada a\u00f1o cuando el m\u00f3dulo entra en una etapa de funcionamiento estable. Ambos indicadores son importantes para evaluar el rendimiento a largo plazo.<\/p>\r\n      <\/details>\r\n\r\n      <details>\r\n        <summary>\u00bfLas altas temperaturas aceleran la degradaci\u00f3n de los m\u00f3dulos solares?<\/summary>\r\n        <p class=\"p\">En muchos casos s\u00ed. Las altas temperaturas prolongadas aumentan el estr\u00e9s t\u00e9rmico dentro del m\u00f3dulo y pueden acelerar el envejecimiento de algunos materiales y conexiones el\u00e9ctricas. Por ello, en proyectos instalados en tejados con altas temperaturas y ventilaci\u00f3n limitada, el factor t\u00e9rmico suele ser especialmente relevante.<\/p>\r\n      <\/details>\r\n\r\n      <details>\r\n        <summary>\u00bfLas diferencias de generaci\u00f3n en el primer a\u00f1o significan que un m\u00f3dulo se degrada m\u00e1s r\u00e1pido?<\/summary>\r\n        <p class=\"p\">No necesariamente. Las diferencias de generaci\u00f3n al inicio de la operaci\u00f3n pueden deberse a diversos factores, como condiciones meteorol\u00f3gicas, nivel de irradiaci\u00f3n, \u00e1ngulo de instalaci\u00f3n, ventilaci\u00f3n o mantenimiento del sistema. Para evaluar si existe una degradaci\u00f3n an\u00f3mala, normalmente es necesario analizar datos de generaci\u00f3n durante un periodo m\u00e1s largo.<\/p>\r\n      <\/details>\r\n    <\/div>\r\n  <\/div>\r\n\r\n  <script type=\"application\/ld+json\">\r\n  {\r\n    \"@context\":\"https:\/\/schema.org\",\r\n    \"@type\":\"FAQPage\",\r\n    \"mainEntity\":[\r\n      {\r\n        \"@type\":\"Question\",\r\n        \"name\":\"\u00bfLos m\u00f3dulos solares pierden eficiencia cada a\u00f1o?\",\r\n        \"acceptedAnswer\":{\r\n          \"@type\":\"Answer\",\r\n          \"text\":\"Por lo general s\u00ed, pero la disminuci\u00f3n suele ser lenta y acumulativa. En la mayor\u00eda de los proyectos fotovoltaicos, cierto nivel de degradaci\u00f3n es normal. Lo importante es observar si la velocidad de degradaci\u00f3n se mantiene estable y dentro de un rango razonable en la industria.\"\r\n        }\r\n      },\r\n      {\r\n        \"@type\":\"Question\",\r\n        \"name\":\"\u00bfCu\u00e1l es la diferencia entre la degradaci\u00f3n del primer a\u00f1o y la degradaci\u00f3n posterior?\",\r\n        \"acceptedAnswer\":{\r\n          \"@type\":\"Answer\",\r\n          \"text\":\"La degradaci\u00f3n del primer a\u00f1o se refiere a un cambio relativamente m\u00e1s evidente en el rendimiento durante la fase inicial de operaci\u00f3n del m\u00f3dulo. La degradaci\u00f3n posterior corresponde al descenso lineal que ocurre cada a\u00f1o cuando el m\u00f3dulo entra en una etapa de funcionamiento estable.\"\r\n        }\r\n      },\r\n      {\r\n        \"@type\":\"Question\",\r\n        \"name\":\"\u00bfLas altas temperaturas aceleran la degradaci\u00f3n de los m\u00f3dulos solares?\",\r\n        \"acceptedAnswer\":{\r\n          \"@type\":\"Answer\",\r\n          \"text\":\"En muchos casos s\u00ed. Las altas temperaturas prolongadas aumentan el estr\u00e9s t\u00e9rmico dentro del m\u00f3dulo y pueden acelerar el envejecimiento de algunos materiales y conexiones el\u00e9ctricas.\"\r\n        }\r\n      },\r\n      {\r\n        \"@type\":\"Question\",\r\n        \"name\":\"\u00bfLas diferencias de generaci\u00f3n en el primer a\u00f1o significan que un m\u00f3dulo se degrada m\u00e1s r\u00e1pido?\",\r\n        \"acceptedAnswer\":{\r\n          \"@type\":\"Answer\",\r\n          \"text\":\"No necesariamente. Las diferencias de generaci\u00f3n al inicio pueden deberse a condiciones meteorol\u00f3gicas, irradiaci\u00f3n, \u00e1ngulo de instalaci\u00f3n o ventilaci\u00f3n. Para evaluar una degradaci\u00f3n real suele ser necesario analizar datos de generaci\u00f3n durante un periodo m\u00e1s largo.\"\r\n        }\r\n      }\r\n    ]\r\n  }\r\n  <\/script>\r\n<\/section>\t\t\t\t<\/div>\n\t\t\t\t<\/div>\n\t\t\t\t\t<\/div>\n\t\t<\/div>\n\t\t\t\t\t<\/div>\n\t\t<\/section>\n\t\t\t\t<section class=\"elementor-section elementor-top-section elementor-element elementor-element-9fd5dee elementor-section-boxed elementor-section-height-default elementor-section-height-default\" data-id=\"9fd5dee\" data-element_type=\"section\" data-e-type=\"section\">\n\t\t\t\t\t\t<div class=\"elementor-container elementor-column-gap-default\">\n\t\t\t\t\t<div class=\"elementor-column elementor-col-100 elementor-top-column elementor-element elementor-element-40fc2ed\" data-id=\"40fc2ed\" data-element_type=\"column\" data-e-type=\"column\">\n\t\t\t<div class=\"elementor-widget-wrap elementor-element-populated\">\n\t\t\t\t\t\t<div class=\"elementor-element elementor-element-a90176f elementor-align-center elementor-widget elementor-widget-button\" data-id=\"a90176f\" data-element_type=\"widget\" data-e-type=\"widget\" data-widget_type=\"button.default\">\n\t\t\t\t<div class=\"elementor-widget-container\">\n\t\t\t\t\t\t\t\t\t<div class=\"elementor-button-wrapper\">\n\t\t\t\t\t<a class=\"elementor-button elementor-button-link elementor-size-sm\" href=\"https:\/\/www.maysunsolar.com\/our-technology\/?utm_source=blog&#038;utm_medium=visitwebsitebutton\" target=\"_blank\">\n\t\t\t\t\t\t<span class=\"elementor-button-content-wrapper\">\n\t\t\t\t\t\t\t\t\t<span class=\"elementor-button-text\">Conocer m\u00e1s sobre las diferencias entre tecnolog\u00edas fotovoltaicas<\/span>\n\t\t\t\t\t<\/span>\n\t\t\t\t\t<\/a>\n\t\t\t\t<\/div>\n\t\t\t\t\t\t\t\t<\/div>\n\t\t\t\t<\/div>\n\t\t\t\t\t<\/div>\n\t\t<\/div>\n\t\t\t\t\t<\/div>\n\t\t<\/section>\n\t\t\t\t<section class=\"elementor-section elementor-top-section elementor-element elementor-element-2f8f913 elementor-section-boxed elementor-section-height-default elementor-section-height-default\" data-id=\"2f8f913\" data-element_type=\"section\" data-e-type=\"section\">\n\t\t\t\t\t\t<div class=\"elementor-container elementor-column-gap-default\">\n\t\t\t\t\t<div class=\"elementor-column elementor-col-100 elementor-top-column elementor-element elementor-element-5b375c1\" data-id=\"5b375c1\" data-element_type=\"column\" data-e-type=\"column\">\n\t\t\t<div class=\"elementor-widget-wrap elementor-element-populated\">\n\t\t\t\t\t\t<div class=\"elementor-element elementor-element-f35d6bd elementor-widget elementor-widget-text-editor\" data-id=\"f35d6bd\" data-element_type=\"widget\" data-e-type=\"widget\" data-widget_type=\"text-editor.default\">\n\t\t\t\t<div class=\"elementor-widget-container\">\n\t\t\t\t\t\t\t\t\t<p>Como fabricante de m\u00f3dulos fotovoltaicos, <strong><a href=\"https:\/\/www.maysunsolar.com\/es\/\" target=\"_blank\" rel=\"noopener\"><span style=\"color: #009896;\">Maysun Solar<\/span><\/a><\/strong> suministra de forma continua m\u00f3dulos al mercado mayorista y de distribuci\u00f3n en Europa, con productos que abarcan tecnolog\u00edas principales como <span style=\"color: #009896;\"><strong data-start=\"474\" data-end=\"495\" data-is-only-node=\"\"><a style=\"color: #009896;\" href=\"https:\/\/www.maysunsolar.com\/es\/tecnologia-ibc-maysun-solar\/\" target=\"_blank\" rel=\"noopener\">IBC Tecnolog\u00eda<\/a><\/strong><\/span>,\u00a0<span style=\"color: #009896;\"><strong data-start=\"474\" data-end=\"495\" data-is-only-node=\"\"><a style=\"color: #009896;\" href=\"https:\/\/www.maysunsolar.com\/es\/tecnologia-n-topcon-maysun-solar\/\" target=\"_blank\" rel=\"noopener\">TOPCon Tecnolog\u00eda<\/a><\/strong>\u00a0<\/span>y\u00a0<span style=\"color: #009896;\"><strong data-start=\"474\" data-end=\"495\" data-is-only-node=\"\"><a style=\"color: #009896;\" href=\"https:\/\/www.maysunsolar.com\/es\/tecnologia-hjt-maysun-solar\/\" target=\"_blank\" rel=\"noopener\">HJT Tecnolog\u00eda<\/a><\/strong><\/span>. Adem\u00e1s de la potencia inicial y la selecci\u00f3n del tama\u00f1o del m\u00f3dulo, tambi\u00e9n prestamos atenci\u00f3n al comportamiento integral de los m\u00f3dulos en cuanto a degradaci\u00f3n del primer a\u00f1o, estabilidad a largo plazo y rendimiento en condiciones de alta temperatura, con el fin de ayudar a los proyectos en cubiertas y en el sector comercial e industrial a lograr una producci\u00f3n energ\u00e9tica m\u00e1s predecible a largo plazo.<\/p>\t\t\t\t\t\t\t\t<\/div>\n\t\t\t\t<\/div>\n\t\t\t\t\t<\/div>\n\t\t<\/div>\n\t\t\t\t\t<\/div>\n\t\t<\/section>\n\t\t\t\t<section class=\"elementor-section elementor-top-section elementor-element elementor-element-8d61ef2 elementor-section-boxed elementor-section-height-default elementor-section-height-default\" data-id=\"8d61ef2\" data-element_type=\"section\" data-e-type=\"section\">\n\t\t\t\t\t\t<div class=\"elementor-container elementor-column-gap-default\">\n\t\t\t\t\t<div class=\"elementor-column elementor-col-100 elementor-top-column elementor-element elementor-element-357c278\" data-id=\"357c278\" data-element_type=\"column\" data-e-type=\"column\">\n\t\t\t<div class=\"elementor-widget-wrap elementor-element-populated\">\n\t\t\t\t\t\t<div class=\"elementor-element elementor-element-e6e2092 elementor-widget elementor-widget-text-editor\" data-id=\"e6e2092\" data-element_type=\"widget\" data-e-type=\"widget\" data-widget_type=\"text-editor.default\">\n\t\t\t\t<div class=\"elementor-widget-container\">\n\t\t\t\t\t\t\t\t\t<h4><strong>Lecturas recomendadas<\/strong><\/h4>\t\t\t\t\t\t\t\t<\/div>\n\t\t\t\t<\/div>\n\t\t\t\t<div class=\"elementor-element elementor-element-c107949 elementor-grid-3 elementor-grid-tablet-2 elementor-grid-mobile-1 elementor-posts--thumbnail-top elementor-widget elementor-widget-posts\" data-id=\"c107949\" data-element_type=\"widget\" data-e-type=\"widget\" data-settings=\"{&quot;classic_columns&quot;:&quot;3&quot;,&quot;classic_columns_tablet&quot;:&quot;2&quot;,&quot;classic_columns_mobile&quot;:&quot;1&quot;,&quot;classic_row_gap&quot;:{&quot;unit&quot;:&quot;px&quot;,&quot;size&quot;:35,&quot;sizes&quot;:[]},&quot;classic_row_gap_tablet&quot;:{&quot;unit&quot;:&quot;px&quot;,&quot;size&quot;:&quot;&quot;,&quot;sizes&quot;:[]},&quot;classic_row_gap_mobile&quot;:{&quot;unit&quot;:&quot;px&quot;,&quot;size&quot;:&quot;&quot;,&quot;sizes&quot;:[]}}\" data-widget_type=\"posts.classic\">\n\t\t\t\t<div class=\"elementor-widget-container\">\n\t\t\t\t\t\t\t<div class=\"elementor-posts-container elementor-posts elementor-posts--skin-classic elementor-grid\" role=\"list\">\n\t\t\t\t<article class=\"elementor-post elementor-grid-item post-73045 post type-post status-publish format-standard has-post-thumbnail hentry category-sobre-fotovoltaica category-tecnologia-solar category-todo-el-blog tag-modulos-de-tipo-n tag-modulos-hjt-de-tipo-n tag-modulos-topcon-de-tipo-n\" role=\"listitem\">\n\t\t\t\t<a class=\"elementor-post__thumbnail__link\" href=\"https:\/\/www.maysunsolar.com\/es\/blog-coeficiente-de-temperatura-panel-solar\/\" tabindex=\"-1\" >\n\t\t\t<div class=\"elementor-post__thumbnail\"><img decoding=\"async\" width=\"300\" height=\"97\" src=\"https:\/\/www.maysunsolar.com\/wp-content\/uploads\/2026\/04\/\u5c01\u97621-300x97.png\" class=\"attachment-medium size-medium wp-image-73038 not-transparent\" alt=\"How Important Is the Temperature Coefficient When Choosing a Solar Panel?\" data-has-transparency=\"false\" data-dominant-color=\"4f8eb7\" style=\"--dominant-color: #4f8eb7\" srcset=\"https:\/\/www.maysunsolar.com\/wp-content\/uploads\/2026\/04\/\u5c01\u97621-300x97.png 300w, https:\/\/www.maysunsolar.com\/wp-content\/uploads\/2026\/04\/\u5c01\u97621-1024x331.png 1024w, https:\/\/www.maysunsolar.com\/wp-content\/uploads\/2026\/04\/\u5c01\u97621-768x248.png 768w, https:\/\/www.maysunsolar.com\/wp-content\/uploads\/2026\/04\/\u5c01\u97621-1536x496.png 1536w, https:\/\/www.maysunsolar.com\/wp-content\/uploads\/2026\/04\/\u5c01\u97621-24x8.png 24w, https:\/\/www.maysunsolar.com\/wp-content\/uploads\/2026\/04\/\u5c01\u97621-36x12.png 36w, https:\/\/www.maysunsolar.com\/wp-content\/uploads\/2026\/04\/\u5c01\u97621-48x16.png 48w, https:\/\/www.maysunsolar.com\/wp-content\/uploads\/2026\/04\/\u5c01\u97621.png 1920w\" sizes=\"(max-width: 300px) 100vw, 300px\" \/><\/div>\n\t\t<\/a>\n\t\t\t\t<div class=\"elementor-post__text\">\n\t\t\t\t<h3 class=\"elementor-post__title\">\n\t\t\t<a href=\"https:\/\/www.maysunsolar.com\/es\/blog-coeficiente-de-temperatura-panel-solar\/\" >\n\t\t\t\t\u00bfQu\u00e9 importancia tiene el coeficiente de temperatura al elegir m\u00f3dulos fotovoltaicos?\t\t\t<\/a>\n\t\t<\/h3>\n\t\t\t\t<div class=\"elementor-post__meta-data\">\n\t\t\t\t\t<span class=\"elementor-post-date\">\n\t\t\tabril 23, 2026\t\t<\/span>\n\t\t\t\t<span class=\"elementor-post-avatar\">\n\t\t\tNo hay comentarios\t\t<\/span>\n\t\t\t\t<\/div>\n\t\t\t\t<div class=\"elementor-post__excerpt\">\n\t\t\t<p>\u00bfDe verdad importa el coeficiente de temperatura al elegir m\u00f3dulos fotovoltaicos? Este art\u00edculo responde de forma directa y explica en qu\u00e9 proyectos debe incluirse en la preselecci\u00f3n y en cu\u00e1les no es necesario situarlo en primer plano.<\/p>\n\t\t<\/div>\n\t\t\n\t\t<a class=\"elementor-post__read-more\" href=\"https:\/\/www.maysunsolar.com\/es\/blog-coeficiente-de-temperatura-panel-solar\/\" aria-label=\"M\u00e1s informaci\u00f3n sobre \u00bfQu\u00e9 importancia tiene el coeficiente de temperatura al elegir m\u00f3dulos fotovoltaicos?\" tabindex=\"-1\" >\n\t\t\tRead More \u00bb\t\t<\/a>\n\n\t\t\t\t<\/div>\n\t\t\t\t<\/article>\n\t\t\t\t<article class=\"elementor-post elementor-grid-item post-72975 post type-post status-publish format-standard has-post-thumbnail hentry category-sin-categoria category-sobre-fotovoltaica category-tecnologia-solar category-todo-el-blog tag-modulos-bifaciales tag-modulos-hjt tag-modulos-ibc\" role=\"listitem\">\n\t\t\t\t<a class=\"elementor-post__thumbnail__link\" href=\"https:\/\/www.maysunsolar.com\/es\/blog-modulos-hjt-bifaciales-o-ibc-para-proyectos-de-cubierta\/\" tabindex=\"-1\" >\n\t\t\t<div class=\"elementor-post__thumbnail\"><img loading=\"lazy\" decoding=\"async\" width=\"300\" height=\"97\" src=\"https:\/\/www.maysunsolar.com\/wp-content\/uploads\/2026\/04\/cover-300x97.png\" class=\"attachment-medium size-medium wp-image-72963 not-transparent\" alt=\"When can the bifacial advantage of HJT deliver real returns on European rooftop projects? And when is IBC the better choice?\" data-has-transparency=\"false\" data-dominant-color=\"9e9287\" style=\"--dominant-color: #9e9287\" srcset=\"https:\/\/www.maysunsolar.com\/wp-content\/uploads\/2026\/04\/cover-300x97.png 300w, https:\/\/www.maysunsolar.com\/wp-content\/uploads\/2026\/04\/cover-1024x330.png 1024w, https:\/\/www.maysunsolar.com\/wp-content\/uploads\/2026\/04\/cover-768x248.png 768w, https:\/\/www.maysunsolar.com\/wp-content\/uploads\/2026\/04\/cover-1536x496.png 1536w, https:\/\/www.maysunsolar.com\/wp-content\/uploads\/2026\/04\/cover-24x8.png 24w, https:\/\/www.maysunsolar.com\/wp-content\/uploads\/2026\/04\/cover-36x12.png 36w, https:\/\/www.maysunsolar.com\/wp-content\/uploads\/2026\/04\/cover-48x15.png 48w, https:\/\/www.maysunsolar.com\/wp-content\/uploads\/2026\/04\/cover.png 1587w\" sizes=\"(max-width: 300px) 100vw, 300px\" \/><\/div>\n\t\t<\/a>\n\t\t\t\t<div class=\"elementor-post__text\">\n\t\t\t\t<h3 class=\"elementor-post__title\">\n\t\t\t<a href=\"https:\/\/www.maysunsolar.com\/es\/blog-modulos-hjt-bifaciales-o-ibc-para-proyectos-de-cubierta\/\" >\n\t\t\t\t\u00bfCu\u00e1ndo aporta un beneficio real la ventaja bifacial de HJT en proyectos de cubierta en Europa? \u00bfY cu\u00e1ndo conviene m\u00e1s elegir IBC?\t\t\t<\/a>\n\t\t<\/h3>\n\t\t\t\t<div class=\"elementor-post__meta-data\">\n\t\t\t\t\t<span class=\"elementor-post-date\">\n\t\t\tabril 20, 2026\t\t<\/span>\n\t\t\t\t<span class=\"elementor-post-avatar\">\n\t\t\tNo hay comentarios\t\t<\/span>\n\t\t\t\t<\/div>\n\t\t\t\t<div class=\"elementor-post__excerpt\">\n\t\t\t<p>Cu\u00e1ndo los m\u00f3dulos bifaciales HJT ofrecen mayor rentabilidad en proyectos de cubierta en Europa y cu\u00e1ndo conviene priorizar los m\u00f3dulos IBC.<\/p>\n\t\t<\/div>\n\t\t\n\t\t<a class=\"elementor-post__read-more\" href=\"https:\/\/www.maysunsolar.com\/es\/blog-modulos-hjt-bifaciales-o-ibc-para-proyectos-de-cubierta\/\" aria-label=\"M\u00e1s informaci\u00f3n sobre \u00bfCu\u00e1ndo aporta un beneficio real la ventaja bifacial de HJT en proyectos de cubierta en Europa? \u00bfY cu\u00e1ndo conviene m\u00e1s elegir IBC?\" tabindex=\"-1\" >\n\t\t\tRead More \u00bb\t\t<\/a>\n\n\t\t\t\t<\/div>\n\t\t\t\t<\/article>\n\t\t\t\t<article class=\"elementor-post elementor-grid-item post-72939 post type-post status-publish format-standard has-post-thumbnail hentry category-sin-categoria category-sobre-fotovoltaica category-tecnologia-solar category-todo-el-blog tag-fotovoltaica-en-jardin tag-fotovoltaica-en-tejado\" role=\"listitem\">\n\t\t\t\t<a class=\"elementor-post__thumbnail__link\" href=\"https:\/\/www.maysunsolar.com\/es\/blog-placas-solares-en-el-jardin-para-que-hogares\/\" tabindex=\"-1\" >\n\t\t\t<div class=\"elementor-post__thumbnail\"><img loading=\"lazy\" decoding=\"async\" width=\"300\" height=\"97\" src=\"https:\/\/www.maysunsolar.com\/wp-content\/uploads\/2026\/04\/cover-3-300x97.webp\" class=\"attachment-medium size-medium wp-image-72931 not-transparent\" alt=\"Which homes are suitable for garden solar?\" data-has-transparency=\"false\" data-dominant-color=\"586556\" style=\"--dominant-color: #586556\" srcset=\"https:\/\/www.maysunsolar.com\/wp-content\/uploads\/2026\/04\/cover-3-300x97.webp 300w, https:\/\/www.maysunsolar.com\/wp-content\/uploads\/2026\/04\/cover-3-1024x331.webp 1024w, https:\/\/www.maysunsolar.com\/wp-content\/uploads\/2026\/04\/cover-3-768x248.webp 768w, https:\/\/www.maysunsolar.com\/wp-content\/uploads\/2026\/04\/cover-3-1536x496.webp 1536w, https:\/\/www.maysunsolar.com\/wp-content\/uploads\/2026\/04\/cover-3-24x8.webp 24w, https:\/\/www.maysunsolar.com\/wp-content\/uploads\/2026\/04\/cover-3-36x12.webp 36w, https:\/\/www.maysunsolar.com\/wp-content\/uploads\/2026\/04\/cover-3-48x16.webp 48w, https:\/\/www.maysunsolar.com\/wp-content\/uploads\/2026\/04\/cover-3.webp 1920w\" sizes=\"(max-width: 300px) 100vw, 300px\" \/><\/div>\n\t\t<\/a>\n\t\t\t\t<div class=\"elementor-post__text\">\n\t\t\t\t<h3 class=\"elementor-post__title\">\n\t\t\t<a href=\"https:\/\/www.maysunsolar.com\/es\/blog-placas-solares-en-el-jardin-para-que-hogares\/\" >\n\t\t\t\t\u00bfQu\u00e9 hogares son adecuados para la fotovoltaica en jard\u00edn?\t\t\t<\/a>\n\t\t<\/h3>\n\t\t\t\t<div class=\"elementor-post__meta-data\">\n\t\t\t\t\t<span class=\"elementor-post-date\">\n\t\t\tabril 16, 2026\t\t<\/span>\n\t\t\t\t<span class=\"elementor-post-avatar\">\n\t\t\tNo hay comentarios\t\t<\/span>\n\t\t\t\t<\/div>\n\t\t\t\t<div class=\"elementor-post__excerpt\">\n\t\t\t<p>\u00bfQu\u00e9 hogares son adecuados para la fotovoltaica en jard\u00edn? Eval\u00faa r\u00e1pidamente si este tipo de instalaci\u00f3n es adecuada en funci\u00f3n del espacio, las sombras, la orientaci\u00f3n y el objetivo de consumo el\u00e9ctrico.<\/p>\n\t\t<\/div>\n\t\t\n\t\t<a class=\"elementor-post__read-more\" href=\"https:\/\/www.maysunsolar.com\/es\/blog-placas-solares-en-el-jardin-para-que-hogares\/\" aria-label=\"M\u00e1s informaci\u00f3n sobre \u00bfQu\u00e9 hogares son adecuados para la fotovoltaica en jard\u00edn?\" tabindex=\"-1\" >\n\t\t\tRead More \u00bb\t\t<\/a>\n\n\t\t\t\t<\/div>\n\t\t\t\t<\/article>\n\t\t\t\t<article class=\"elementor-post elementor-grid-item post-72913 post type-post status-publish format-standard has-post-thumbnail hentry category-sobre-fotovoltaica category-tecnologia-solar category-todo-el-blog tag-alta-temperatura tag-hjt-3 tag-modulos-fotovoltaicos tag-n-topcon-2 tag-resistencia-al-calor\" role=\"listitem\">\n\t\t\t\t<a class=\"elementor-post__thumbnail__link\" href=\"https:\/\/www.maysunsolar.com\/es\/blog-comparacion-rendimiento-paneles-fotovoltaicos-alta-temperatura\/\" tabindex=\"-1\" >\n\t\t\t<div class=\"elementor-post__thumbnail\"><img loading=\"lazy\" decoding=\"async\" width=\"300\" height=\"97\" src=\"https:\/\/www.maysunsolar.com\/wp-content\/uploads\/2025\/06\/cover-6-300x97.webp\" class=\"attachment-medium size-medium wp-image-72898 not-transparent\" alt=\"Are Differences Between Solar Panels More Noticeable in High-Temperature Conditions?\" data-has-transparency=\"false\" data-dominant-color=\"98a7af\" style=\"--dominant-color: #98a7af\" srcset=\"https:\/\/www.maysunsolar.com\/wp-content\/uploads\/2025\/06\/cover-6-300x97.webp 300w, https:\/\/www.maysunsolar.com\/wp-content\/uploads\/2025\/06\/cover-6-1024x331.webp 1024w, https:\/\/www.maysunsolar.com\/wp-content\/uploads\/2025\/06\/cover-6-768x248.webp 768w, https:\/\/www.maysunsolar.com\/wp-content\/uploads\/2025\/06\/cover-6-1536x496.webp 1536w, https:\/\/www.maysunsolar.com\/wp-content\/uploads\/2025\/06\/cover-6-24x8.webp 24w, https:\/\/www.maysunsolar.com\/wp-content\/uploads\/2025\/06\/cover-6-36x12.webp 36w, https:\/\/www.maysunsolar.com\/wp-content\/uploads\/2025\/06\/cover-6-48x16.webp 48w, https:\/\/www.maysunsolar.com\/wp-content\/uploads\/2025\/06\/cover-6.webp 1920w\" sizes=\"(max-width: 300px) 100vw, 300px\" \/><\/div>\n\t\t<\/a>\n\t\t\t\t<div class=\"elementor-post__text\">\n\t\t\t\t<h3 class=\"elementor-post__title\">\n\t\t\t<a href=\"https:\/\/www.maysunsolar.com\/es\/blog-comparacion-rendimiento-paneles-fotovoltaicos-alta-temperatura\/\" >\n\t\t\t\t\u00bfSe hacen m\u00e1s evidentes las diferencias entre m\u00f3dulos fotovoltaicos en condiciones de alta temperatura?\t\t\t<\/a>\n\t\t<\/h3>\n\t\t\t\t<div class=\"elementor-post__meta-data\">\n\t\t\t\t\t<span class=\"elementor-post-date\">\n\t\t\tabril 14, 2026\t\t<\/span>\n\t\t\t\t<span class=\"elementor-post-avatar\">\n\t\t\tNo hay comentarios\t\t<\/span>\n\t\t\t\t<\/div>\n\t\t\t\t<div class=\"elementor-post__excerpt\">\n\t\t\t<p>Las altas temperaturas reducen la eficiencia de los m\u00f3dulos fotovoltaicos, pero las diferencias de generaci\u00f3n en verano no dependen solo del calor. Este art\u00edculo compara el comportamiento de HJT, TOPCon e IBC a altas temperaturas y explica c\u00f3mo elegir la opci\u00f3n adecuada para proyectos empresariales.<\/p>\n\t\t<\/div>\n\t\t\n\t\t<a class=\"elementor-post__read-more\" href=\"https:\/\/www.maysunsolar.com\/es\/blog-comparacion-rendimiento-paneles-fotovoltaicos-alta-temperatura\/\" aria-label=\"M\u00e1s informaci\u00f3n sobre \u00bfSe hacen m\u00e1s evidentes las diferencias entre m\u00f3dulos fotovoltaicos en condiciones de alta temperatura?\" tabindex=\"-1\" >\n\t\t\tRead More \u00bb\t\t<\/a>\n\n\t\t\t\t<\/div>\n\t\t\t\t<\/article>\n\t\t\t\t<article class=\"elementor-post elementor-grid-item post-72880 post type-post status-publish format-standard has-post-thumbnail hentry category-sin-categoria category-sobre-fotovoltaica category-tecnologia-solar category-todo-el-blog tag-modulos-fotovoltaicos tag-n-type-2 tag-topcon-2\" role=\"listitem\">\n\t\t\t\t<a class=\"elementor-post__thumbnail__link\" href=\"https:\/\/www.maysunsolar.com\/es\/blog-por-que-los-paneles-topcon-tipo-n-son-el-estandar-del-mercado\/\" tabindex=\"-1\" >\n\t\t\t<div class=\"elementor-post__thumbnail\"><img loading=\"lazy\" decoding=\"async\" width=\"300\" height=\"97\" src=\"https:\/\/www.maysunsolar.com\/wp-content\/uploads\/2026\/04\/cover-2-300x97.webp\" class=\"attachment-medium size-medium wp-image-72872 not-transparent\" alt=\"Why Have N-Type TOPCon Solar Panels Become the Market Mainstream?\" data-has-transparency=\"false\" data-dominant-color=\"858480\" style=\"--dominant-color: #858480\" srcset=\"https:\/\/www.maysunsolar.com\/wp-content\/uploads\/2026\/04\/cover-2-300x97.webp 300w, https:\/\/www.maysunsolar.com\/wp-content\/uploads\/2026\/04\/cover-2-1024x331.webp 1024w, https:\/\/www.maysunsolar.com\/wp-content\/uploads\/2026\/04\/cover-2-768x248.webp 768w, https:\/\/www.maysunsolar.com\/wp-content\/uploads\/2026\/04\/cover-2-1536x496.webp 1536w, https:\/\/www.maysunsolar.com\/wp-content\/uploads\/2026\/04\/cover-2-24x8.webp 24w, https:\/\/www.maysunsolar.com\/wp-content\/uploads\/2026\/04\/cover-2-36x12.webp 36w, https:\/\/www.maysunsolar.com\/wp-content\/uploads\/2026\/04\/cover-2-48x16.webp 48w, https:\/\/www.maysunsolar.com\/wp-content\/uploads\/2026\/04\/cover-2.webp 1920w\" sizes=\"(max-width: 300px) 100vw, 300px\" \/><\/div>\n\t\t<\/a>\n\t\t\t\t<div class=\"elementor-post__text\">\n\t\t\t\t<h3 class=\"elementor-post__title\">\n\t\t\t<a href=\"https:\/\/www.maysunsolar.com\/es\/blog-por-que-los-paneles-topcon-tipo-n-son-el-estandar-del-mercado\/\" >\n\t\t\t\t\u00bfPor qu\u00e9 los paneles solares N-type TOPCon se han convertido en la tecnolog\u00eda dominante del mercado?\t\t\t<\/a>\n\t\t<\/h3>\n\t\t\t\t<div class=\"elementor-post__meta-data\">\n\t\t\t\t\t<span class=\"elementor-post-date\">\n\t\t\tabril 9, 2026\t\t<\/span>\n\t\t\t\t<span class=\"elementor-post-avatar\">\n\t\t\tNo hay comentarios\t\t<\/span>\n\t\t\t\t<\/div>\n\t\t\t\t<div class=\"elementor-post__excerpt\">\n\t\t\t<p>Los paneles solares N-type TOPCon se han convertido en una de las principales tecnolog\u00edas fotovoltaicas actuales gracias a su buen equilibrio entre eficiencia, coste y madurez en la producci\u00f3n a gran escala. Este art\u00edculo explica brevemente sus caracter\u00edsticas estructurales, sus ventajas de aplicaci\u00f3n y sus escenarios de uso m\u00e1s adecuados.<\/p>\n\t\t<\/div>\n\t\t\n\t\t<a class=\"elementor-post__read-more\" href=\"https:\/\/www.maysunsolar.com\/es\/blog-por-que-los-paneles-topcon-tipo-n-son-el-estandar-del-mercado\/\" aria-label=\"M\u00e1s informaci\u00f3n sobre \u00bfPor qu\u00e9 los paneles solares N-type TOPCon se han convertido en la tecnolog\u00eda dominante del mercado?\" tabindex=\"-1\" >\n\t\t\tRead More \u00bb\t\t<\/a>\n\n\t\t\t\t<\/div>\n\t\t\t\t<\/article>\n\t\t\t\t<article class=\"elementor-post elementor-grid-item post-72851 post type-post status-publish format-standard has-post-thumbnail hentry category-noticias-de-la-industria-fotovoltaica category-noticias-industriales category-sin-categoria category-sobre-fotovoltaica tag-mercado-fotovoltaico-europeo tag-politica-fotovoltaica-europea tag-precios-de-los-modulos-fotovoltaicos\" role=\"listitem\">\n\t\t\t\t<a class=\"elementor-post__thumbnail__link\" href=\"https:\/\/www.maysunsolar.com\/es\/blog-mercado-fotovoltaico-europa-politicas-y-precios-de-modulos-abril-2026\/\" tabindex=\"-1\" >\n\t\t\t<div class=\"elementor-post__thumbnail\"><img loading=\"lazy\" decoding=\"async\" width=\"300\" height=\"97\" src=\"https:\/\/www.maysunsolar.com\/wp-content\/uploads\/2026\/04\/cover-1-300x97.webp\" class=\"attachment-medium size-medium wp-image-72842 not-transparent\" alt=\"April News from the European Solar Industry\" data-has-transparency=\"false\" data-dominant-color=\"725d57\" style=\"--dominant-color: #725d57\" srcset=\"https:\/\/www.maysunsolar.com\/wp-content\/uploads\/2026\/04\/cover-1-300x97.webp 300w, https:\/\/www.maysunsolar.com\/wp-content\/uploads\/2026\/04\/cover-1-1024x331.webp 1024w, https:\/\/www.maysunsolar.com\/wp-content\/uploads\/2026\/04\/cover-1-768x248.webp 768w, https:\/\/www.maysunsolar.com\/wp-content\/uploads\/2026\/04\/cover-1-1536x497.webp 1536w, https:\/\/www.maysunsolar.com\/wp-content\/uploads\/2026\/04\/cover-1-24x8.webp 24w, https:\/\/www.maysunsolar.com\/wp-content\/uploads\/2026\/04\/cover-1-36x12.webp 36w, https:\/\/www.maysunsolar.com\/wp-content\/uploads\/2026\/04\/cover-1-48x16.webp 48w, https:\/\/www.maysunsolar.com\/wp-content\/uploads\/2026\/04\/cover-1.webp 1920w\" sizes=\"(max-width: 300px) 100vw, 300px\" \/><\/div>\n\t\t<\/a>\n\t\t\t\t<div class=\"elementor-post__text\">\n\t\t\t\t<h3 class=\"elementor-post__title\">\n\t\t\t<a href=\"https:\/\/www.maysunsolar.com\/es\/blog-mercado-fotovoltaico-europa-politicas-y-precios-de-modulos-abril-2026\/\" >\n\t\t\t\tNoticias del sector fotovoltaico europeo en abril\t\t\t<\/a>\n\t\t<\/h3>\n\t\t\t\t<div class=\"elementor-post__meta-data\">\n\t\t\t\t\t<span class=\"elementor-post-date\">\n\t\t\tabril 7, 2026\t\t<\/span>\n\t\t\t\t<span class=\"elementor-post-avatar\">\n\t\t\tNo hay comentarios\t\t<\/span>\n\t\t\t\t<\/div>\n\t\t\t\t<div class=\"elementor-post__excerpt\">\n\t\t\t<p>El mercado fotovoltaico europeo ya muestra se\u00f1ales iniciales de recuperaci\u00f3n: se reafirma el valor del sistema, los precios de las subastas en Alemania se estabilizan, las reglas en Italia son m\u00e1s claras y mejora la certidumbre de los ingresos de los proyectos en Francia.<\/p>\n\t\t<\/div>\n\t\t\n\t\t<a class=\"elementor-post__read-more\" href=\"https:\/\/www.maysunsolar.com\/es\/blog-mercado-fotovoltaico-europa-politicas-y-precios-de-modulos-abril-2026\/\" aria-label=\"M\u00e1s informaci\u00f3n sobre Noticias del sector fotovoltaico europeo en abril\" tabindex=\"-1\" >\n\t\t\tRead More \u00bb\t\t<\/a>\n\n\t\t\t\t<\/div>\n\t\t\t\t<\/article>\n\t\t\t\t<\/div>\n\t\t\n\t\t\t\t\t\t<\/div>\n\t\t\t\t<\/div>\n\t\t\t\t\t<\/div>\n\t\t<\/div>\n\t\t\t\t\t<\/div>\n\t\t<\/section>\n\t\t\t\t<\/div>\n\t\t","protected":false},"excerpt":{"rendered":"<p>Los m\u00f3dulos solares pueden perder eficiencia con el paso del tiempo, pero los indicadores realmente importantes son la degradaci\u00f3n del primer a\u00f1o, la degradaci\u00f3n anual, el coeficiente de temperatura y la retenci\u00f3n de potencia a largo plazo. Este art\u00edculo explica brevemente por qu\u00e9 disminuye la eficiencia de los m\u00f3dulos, qu\u00e9 factores influyen en la velocidad de degradaci\u00f3n y qu\u00e9 datos conviene analizar al evaluar su rendimiento a largo plazo.<\/p>\n","protected":false},"author":1,"featured_media":72578,"comment_status":"open","ping_status":"open","sticky":false,"template":"","format":"standard","meta":{"_uag_custom_page_level_css":"","footnotes":""},"categories":[712,809,821,808],"tags":[1351,937],"class_list":["post-72588","post","type-post","status-publish","format-standard","has-post-thumbnail","hentry","category-sin-categoria","category-sobre-fotovoltaica","category-tecnologia-solar","category-todo-el-blog","tag-eficiencia-de-los-modulos-fotovoltaicos","tag-modulos-fotovoltaicos"],"yoast_head":"<!-- This site is optimized with the Yoast SEO plugin v27.5 - https:\/\/yoast.com\/product\/yoast-seo-wordpress\/ -->\n<title>\u00bfLos m\u00f3dulos solares pierden eficiencia con el tiempo? - Professional Distributed PV Module Manufacturer<\/title>\n<meta name=\"description\" content=\"Los m\u00f3dulos solares pueden perder eficiencia con el paso del tiempo, pero los indicadores realmente importantes son la degradaci\u00f3n del primer a\u00f1o, la degradaci\u00f3n anual, el coeficiente de temperatura y la retenci\u00f3n de potencia a largo plazo. Este art\u00edculo explica brevemente por qu\u00e9 disminuye la eficiencia de los m\u00f3dulos, qu\u00e9 factores influyen en la velocidad de degradaci\u00f3n y qu\u00e9 datos conviene analizar al evaluar su rendimiento a largo plazo.\" \/>\n<meta name=\"robots\" content=\"index, follow, max-snippet:-1, max-image-preview:large, max-video-preview:-1\" \/>\n<link rel=\"canonical\" href=\"https:\/\/www.maysunsolar.com\/es\/blog-eficiencia-y-degradacion-de-los-paneles-solares-con-el-tiempo\/\" \/>\n<meta property=\"og:locale\" content=\"es_ES\" \/>\n<meta property=\"og:type\" content=\"article\" \/>\n<meta property=\"og:title\" content=\"\u00bfLos m\u00f3dulos solares pierden eficiencia con el tiempo? - Professional Distributed PV Module Manufacturer\" \/>\n<meta property=\"og:description\" content=\"Los m\u00f3dulos solares pueden perder eficiencia con el paso del tiempo, pero los indicadores realmente importantes son la degradaci\u00f3n del primer a\u00f1o, la degradaci\u00f3n anual, el coeficiente de temperatura y la retenci\u00f3n de potencia a largo plazo. Este art\u00edculo explica brevemente por qu\u00e9 disminuye la eficiencia de los m\u00f3dulos, qu\u00e9 factores influyen en la velocidad de degradaci\u00f3n y qu\u00e9 datos conviene analizar al evaluar su rendimiento a largo plazo.\" \/>\n<meta property=\"og:url\" content=\"https:\/\/www.maysunsolar.com\/es\/blog-eficiencia-y-degradacion-de-los-paneles-solares-con-el-tiempo\/\" \/>\n<meta property=\"og:site_name\" content=\"Professional Distributed PV Module Manufacturer\" \/>\n<meta property=\"article:author\" content=\"https:\/\/www.facebook.com\/Maysunsolarglobal\/\" \/>\n<meta property=\"article:published_time\" content=\"2026-03-12T07:00:00+00:00\" \/>\n<meta property=\"og:image\" content=\"https:\/\/www.maysunsolar.com\/wp-content\/uploads\/2026\/03\/\u5c01\u9762-1.webp\" \/>\n\t<meta property=\"og:image:width\" content=\"1920\" \/>\n\t<meta property=\"og:image:height\" content=\"620\" \/>\n\t<meta property=\"og:image:type\" content=\"image\/jpeg\" \/>\n<meta name=\"author\" content=\"Brian\" \/>\n<meta name=\"twitter:card\" content=\"summary_large_image\" \/>\n<meta name=\"twitter:label1\" content=\"Escrito por\" \/>\n\t<meta name=\"twitter:data1\" content=\"Brian\" \/>\n\t<meta name=\"twitter:label2\" content=\"Tiempo de lectura\" \/>\n\t<meta name=\"twitter:data2\" content=\"12 minutos\" \/>\n<script type=\"application\/ld+json\" class=\"yoast-schema-graph\">{\"@context\":\"https:\\\/\\\/schema.org\",\"@graph\":[{\"@type\":\"Article\",\"@id\":\"https:\\\/\\\/www.maysunsolar.com\\\/es\\\/blog-eficiencia-y-degradacion-de-los-paneles-solares-con-el-tiempo\\\/#article\",\"isPartOf\":{\"@id\":\"https:\\\/\\\/www.maysunsolar.com\\\/es\\\/blog-eficiencia-y-degradacion-de-los-paneles-solares-con-el-tiempo\\\/\"},\"author\":{\"name\":\"Brian\",\"@id\":\"https:\\\/\\\/www.maysunsolar.com\\\/es\\\/#\\\/schema\\\/person\\\/fdfb4709ee9cc4cfa57e755ed9c1ae1a\"},\"headline\":\"\u00bfLos m\u00f3dulos solares pierden eficiencia con el tiempo?\",\"datePublished\":\"2026-03-12T07:00:00+00:00\",\"mainEntityOfPage\":{\"@id\":\"https:\\\/\\\/www.maysunsolar.com\\\/es\\\/blog-eficiencia-y-degradacion-de-los-paneles-solares-con-el-tiempo\\\/\"},\"wordCount\":1904,\"commentCount\":0,\"publisher\":{\"@id\":\"https:\\\/\\\/www.maysunsolar.com\\\/es\\\/#organization\"},\"image\":{\"@id\":\"https:\\\/\\\/www.maysunsolar.com\\\/es\\\/blog-eficiencia-y-degradacion-de-los-paneles-solares-con-el-tiempo\\\/#primaryimage\"},\"thumbnailUrl\":\"https:\\\/\\\/www.maysunsolar.com\\\/wp-content\\\/uploads\\\/2026\\\/03\\\/\u5c01\u9762-1.webp\",\"keywords\":[\"eficiencia de los m\u00f3dulos fotovoltaicos\",\"m\u00f3dulos fotovoltaicos\"],\"articleSection\":{\"1\":\"Sobre fotovoltaica\",\"2\":\"Tecnolog\u00eda solar\",\"3\":\"Todo el blog\"},\"inLanguage\":\"es\",\"potentialAction\":[{\"@type\":\"CommentAction\",\"name\":\"Comment\",\"target\":[\"https:\\\/\\\/www.maysunsolar.com\\\/es\\\/blog-eficiencia-y-degradacion-de-los-paneles-solares-con-el-tiempo\\\/#respond\"]}]},{\"@type\":\"WebPage\",\"@id\":\"https:\\\/\\\/www.maysunsolar.com\\\/es\\\/blog-eficiencia-y-degradacion-de-los-paneles-solares-con-el-tiempo\\\/\",\"url\":\"https:\\\/\\\/www.maysunsolar.com\\\/es\\\/blog-eficiencia-y-degradacion-de-los-paneles-solares-con-el-tiempo\\\/\",\"name\":\"\u00bfLos m\u00f3dulos solares pierden eficiencia con el tiempo? - Professional Distributed PV Module Manufacturer\",\"isPartOf\":{\"@id\":\"https:\\\/\\\/www.maysunsolar.com\\\/es\\\/#website\"},\"primaryImageOfPage\":{\"@id\":\"https:\\\/\\\/www.maysunsolar.com\\\/es\\\/blog-eficiencia-y-degradacion-de-los-paneles-solares-con-el-tiempo\\\/#primaryimage\"},\"image\":{\"@id\":\"https:\\\/\\\/www.maysunsolar.com\\\/es\\\/blog-eficiencia-y-degradacion-de-los-paneles-solares-con-el-tiempo\\\/#primaryimage\"},\"thumbnailUrl\":\"https:\\\/\\\/www.maysunsolar.com\\\/wp-content\\\/uploads\\\/2026\\\/03\\\/\u5c01\u9762-1.webp\",\"datePublished\":\"2026-03-12T07:00:00+00:00\",\"description\":\"Los m\u00f3dulos solares pueden perder eficiencia con el paso del tiempo, pero los indicadores realmente importantes son la degradaci\u00f3n del primer a\u00f1o, la degradaci\u00f3n anual, el coeficiente de temperatura y la retenci\u00f3n de potencia a largo plazo. Este art\u00edculo explica brevemente por qu\u00e9 disminuye la eficiencia de los m\u00f3dulos, qu\u00e9 factores influyen en la velocidad de degradaci\u00f3n y qu\u00e9 datos conviene analizar al evaluar su rendimiento a largo plazo.\",\"breadcrumb\":{\"@id\":\"https:\\\/\\\/www.maysunsolar.com\\\/es\\\/blog-eficiencia-y-degradacion-de-los-paneles-solares-con-el-tiempo\\\/#breadcrumb\"},\"inLanguage\":\"es\",\"potentialAction\":[{\"@type\":\"ReadAction\",\"target\":[\"https:\\\/\\\/www.maysunsolar.com\\\/es\\\/blog-eficiencia-y-degradacion-de-los-paneles-solares-con-el-tiempo\\\/\"]}]},{\"@type\":\"ImageObject\",\"inLanguage\":\"es\",\"@id\":\"https:\\\/\\\/www.maysunsolar.com\\\/es\\\/blog-eficiencia-y-degradacion-de-los-paneles-solares-con-el-tiempo\\\/#primaryimage\",\"url\":\"https:\\\/\\\/www.maysunsolar.com\\\/wp-content\\\/uploads\\\/2026\\\/03\\\/\u5c01\u9762-1.webp\",\"contentUrl\":\"https:\\\/\\\/www.maysunsolar.com\\\/wp-content\\\/uploads\\\/2026\\\/03\\\/\u5c01\u9762-1.webp\",\"width\":1920,\"height\":620,\"caption\":\"Do Solar Panels Lose Efficiency Over Time?\"},{\"@type\":\"BreadcrumbList\",\"@id\":\"https:\\\/\\\/www.maysunsolar.com\\\/es\\\/blog-eficiencia-y-degradacion-de-los-paneles-solares-con-el-tiempo\\\/#breadcrumb\",\"itemListElement\":[{\"@type\":\"ListItem\",\"position\":1,\"name\":\"Home\",\"item\":\"https:\\\/\\\/www.maysunsolar.com\\\/es\\\/\"},{\"@type\":\"ListItem\",\"position\":2,\"name\":\"\u00bfLos m\u00f3dulos solares pierden eficiencia con el tiempo?\"}]},{\"@type\":\"WebSite\",\"@id\":\"https:\\\/\\\/www.maysunsolar.com\\\/es\\\/#website\",\"url\":\"https:\\\/\\\/www.maysunsolar.com\\\/es\\\/\",\"name\":\"Professional Photovoltaic Panel Manufacturer\",\"description\":\"\",\"publisher\":{\"@id\":\"https:\\\/\\\/www.maysunsolar.com\\\/es\\\/#organization\"},\"potentialAction\":[{\"@type\":\"SearchAction\",\"target\":{\"@type\":\"EntryPoint\",\"urlTemplate\":\"https:\\\/\\\/www.maysunsolar.com\\\/es\\\/?s={search_term_string}\"},\"query-input\":{\"@type\":\"PropertyValueSpecification\",\"valueRequired\":true,\"valueName\":\"search_term_string\"}}],\"inLanguage\":\"es\"},{\"@type\":\"Organization\",\"@id\":\"https:\\\/\\\/www.maysunsolar.com\\\/es\\\/#organization\",\"name\":\"Maysun Solar\",\"url\":\"https:\\\/\\\/www.maysunsolar.com\\\/es\\\/\",\"logo\":{\"@type\":\"ImageObject\",\"inLanguage\":\"es\",\"@id\":\"https:\\\/\\\/www.maysunsolar.com\\\/es\\\/#\\\/schema\\\/logo\\\/image\\\/\",\"url\":\"https:\\\/\\\/www.maysunsolar.com\\\/wp-content\\\/uploads\\\/2023\\\/12\\\/\u516c\u53f8logo\u900f\u660e\u5e95\u7f51\u7ad9\u5c0f\u5934\u50cf.png\",\"contentUrl\":\"https:\\\/\\\/www.maysunsolar.com\\\/wp-content\\\/uploads\\\/2023\\\/12\\\/\u516c\u53f8logo\u900f\u660e\u5e95\u7f51\u7ad9\u5c0f\u5934\u50cf.png\",\"width\":200,\"height\":200,\"caption\":\"Maysun Solar\"},\"image\":{\"@id\":\"https:\\\/\\\/www.maysunsolar.com\\\/es\\\/#\\\/schema\\\/logo\\\/image\\\/\"}},{\"@type\":\"Person\",\"@id\":\"https:\\\/\\\/www.maysunsolar.com\\\/es\\\/#\\\/schema\\\/person\\\/fdfb4709ee9cc4cfa57e755ed9c1ae1a\",\"name\":\"Brian\",\"image\":{\"@type\":\"ImageObject\",\"inLanguage\":\"es\",\"@id\":\"https:\\\/\\\/secure.gravatar.com\\\/avatar\\\/a2fe047be8cceab00882eda5dba22bea5a6351a7d2906ff3bc7c5c9ede1c0f01?s=96&d=mm&r=g\",\"url\":\"https:\\\/\\\/secure.gravatar.com\\\/avatar\\\/a2fe047be8cceab00882eda5dba22bea5a6351a7d2906ff3bc7c5c9ede1c0f01?s=96&d=mm&r=g\",\"contentUrl\":\"https:\\\/\\\/secure.gravatar.com\\\/avatar\\\/a2fe047be8cceab00882eda5dba22bea5a6351a7d2906ff3bc7c5c9ede1c0f01?s=96&d=mm&r=g\",\"caption\":\"Brian\"},\"description\":\"Content Marketing Specialist for the Photovoltaic Industry Dedicated to providing thought-provoking articles on the PV industry\",\"sameAs\":[\"http:\\\/\\\/wwww.maysunsolar.com\",\"https:\\\/\\\/www.facebook.com\\\/Maysunsolarglobal\\\/\",\"https:\\\/\\\/www.linkedin.com\\\/newsletters\\\/maysun-daily-7071768886148222976\\\/\"],\"url\":\"https:\\\/\\\/www.maysunsolar.com\\\/es\\\/author\\\/brian\\\/\"}]}<\/script>\n<!-- \/ Yoast SEO plugin. -->","yoast_head_json":{"title":"\u00bfLos m\u00f3dulos solares pierden eficiencia con el tiempo? - Professional Distributed PV Module Manufacturer","description":"Los m\u00f3dulos solares pueden perder eficiencia con el paso del tiempo, pero los indicadores realmente importantes son la degradaci\u00f3n del primer a\u00f1o, la degradaci\u00f3n anual, el coeficiente de temperatura y la retenci\u00f3n de potencia a largo plazo. Este art\u00edculo explica brevemente por qu\u00e9 disminuye la eficiencia de los m\u00f3dulos, qu\u00e9 factores influyen en la velocidad de degradaci\u00f3n y qu\u00e9 datos conviene analizar al evaluar su rendimiento a largo plazo.","robots":{"index":"index","follow":"follow","max-snippet":"max-snippet:-1","max-image-preview":"max-image-preview:large","max-video-preview":"max-video-preview:-1"},"canonical":"https:\/\/www.maysunsolar.com\/es\/blog-eficiencia-y-degradacion-de-los-paneles-solares-con-el-tiempo\/","og_locale":"es_ES","og_type":"article","og_title":"\u00bfLos m\u00f3dulos solares pierden eficiencia con el tiempo? - Professional Distributed PV Module Manufacturer","og_description":"Los m\u00f3dulos solares pueden perder eficiencia con el paso del tiempo, pero los indicadores realmente importantes son la degradaci\u00f3n del primer a\u00f1o, la degradaci\u00f3n anual, el coeficiente de temperatura y la retenci\u00f3n de potencia a largo plazo. Este art\u00edculo explica brevemente por qu\u00e9 disminuye la eficiencia de los m\u00f3dulos, qu\u00e9 factores influyen en la velocidad de degradaci\u00f3n y qu\u00e9 datos conviene analizar al evaluar su rendimiento a largo plazo.","og_url":"https:\/\/www.maysunsolar.com\/es\/blog-eficiencia-y-degradacion-de-los-paneles-solares-con-el-tiempo\/","og_site_name":"Professional Distributed PV Module Manufacturer","article_author":"https:\/\/www.facebook.com\/Maysunsolarglobal\/","article_published_time":"2026-03-12T07:00:00+00:00","og_image":[{"width":1920,"height":620,"url":"https:\/\/www.maysunsolar.com\/wp-content\/uploads\/2026\/03\/\u5c01\u9762-1.webp","type":"image\/jpeg"}],"author":"Brian","twitter_card":"summary_large_image","twitter_misc":{"Escrito por":"Brian","Tiempo de lectura":"12 minutos"},"schema":{"@context":"https:\/\/schema.org","@graph":[{"@type":"Article","@id":"https:\/\/www.maysunsolar.com\/es\/blog-eficiencia-y-degradacion-de-los-paneles-solares-con-el-tiempo\/#article","isPartOf":{"@id":"https:\/\/www.maysunsolar.com\/es\/blog-eficiencia-y-degradacion-de-los-paneles-solares-con-el-tiempo\/"},"author":{"name":"Brian","@id":"https:\/\/www.maysunsolar.com\/es\/#\/schema\/person\/fdfb4709ee9cc4cfa57e755ed9c1ae1a"},"headline":"\u00bfLos m\u00f3dulos solares pierden eficiencia con el tiempo?","datePublished":"2026-03-12T07:00:00+00:00","mainEntityOfPage":{"@id":"https:\/\/www.maysunsolar.com\/es\/blog-eficiencia-y-degradacion-de-los-paneles-solares-con-el-tiempo\/"},"wordCount":1904,"commentCount":0,"publisher":{"@id":"https:\/\/www.maysunsolar.com\/es\/#organization"},"image":{"@id":"https:\/\/www.maysunsolar.com\/es\/blog-eficiencia-y-degradacion-de-los-paneles-solares-con-el-tiempo\/#primaryimage"},"thumbnailUrl":"https:\/\/www.maysunsolar.com\/wp-content\/uploads\/2026\/03\/\u5c01\u9762-1.webp","keywords":["eficiencia de los m\u00f3dulos fotovoltaicos","m\u00f3dulos fotovoltaicos"],"articleSection":{"1":"Sobre fotovoltaica","2":"Tecnolog\u00eda solar","3":"Todo el blog"},"inLanguage":"es","potentialAction":[{"@type":"CommentAction","name":"Comment","target":["https:\/\/www.maysunsolar.com\/es\/blog-eficiencia-y-degradacion-de-los-paneles-solares-con-el-tiempo\/#respond"]}]},{"@type":"WebPage","@id":"https:\/\/www.maysunsolar.com\/es\/blog-eficiencia-y-degradacion-de-los-paneles-solares-con-el-tiempo\/","url":"https:\/\/www.maysunsolar.com\/es\/blog-eficiencia-y-degradacion-de-los-paneles-solares-con-el-tiempo\/","name":"\u00bfLos m\u00f3dulos solares pierden eficiencia con el tiempo? - Professional Distributed PV Module Manufacturer","isPartOf":{"@id":"https:\/\/www.maysunsolar.com\/es\/#website"},"primaryImageOfPage":{"@id":"https:\/\/www.maysunsolar.com\/es\/blog-eficiencia-y-degradacion-de-los-paneles-solares-con-el-tiempo\/#primaryimage"},"image":{"@id":"https:\/\/www.maysunsolar.com\/es\/blog-eficiencia-y-degradacion-de-los-paneles-solares-con-el-tiempo\/#primaryimage"},"thumbnailUrl":"https:\/\/www.maysunsolar.com\/wp-content\/uploads\/2026\/03\/\u5c01\u9762-1.webp","datePublished":"2026-03-12T07:00:00+00:00","description":"Los m\u00f3dulos solares pueden perder eficiencia con el paso del tiempo, pero los indicadores realmente importantes son la degradaci\u00f3n del primer a\u00f1o, la degradaci\u00f3n anual, el coeficiente de temperatura y la retenci\u00f3n de potencia a largo plazo. Este art\u00edculo explica brevemente por qu\u00e9 disminuye la eficiencia de los m\u00f3dulos, qu\u00e9 factores influyen en la velocidad de degradaci\u00f3n y qu\u00e9 datos conviene analizar al evaluar su rendimiento a largo plazo.","breadcrumb":{"@id":"https:\/\/www.maysunsolar.com\/es\/blog-eficiencia-y-degradacion-de-los-paneles-solares-con-el-tiempo\/#breadcrumb"},"inLanguage":"es","potentialAction":[{"@type":"ReadAction","target":["https:\/\/www.maysunsolar.com\/es\/blog-eficiencia-y-degradacion-de-los-paneles-solares-con-el-tiempo\/"]}]},{"@type":"ImageObject","inLanguage":"es","@id":"https:\/\/www.maysunsolar.com\/es\/blog-eficiencia-y-degradacion-de-los-paneles-solares-con-el-tiempo\/#primaryimage","url":"https:\/\/www.maysunsolar.com\/wp-content\/uploads\/2026\/03\/\u5c01\u9762-1.webp","contentUrl":"https:\/\/www.maysunsolar.com\/wp-content\/uploads\/2026\/03\/\u5c01\u9762-1.webp","width":1920,"height":620,"caption":"Do Solar Panels Lose Efficiency Over Time?"},{"@type":"BreadcrumbList","@id":"https:\/\/www.maysunsolar.com\/es\/blog-eficiencia-y-degradacion-de-los-paneles-solares-con-el-tiempo\/#breadcrumb","itemListElement":[{"@type":"ListItem","position":1,"name":"Home","item":"https:\/\/www.maysunsolar.com\/es\/"},{"@type":"ListItem","position":2,"name":"\u00bfLos m\u00f3dulos solares pierden eficiencia con el tiempo?"}]},{"@type":"WebSite","@id":"https:\/\/www.maysunsolar.com\/es\/#website","url":"https:\/\/www.maysunsolar.com\/es\/","name":"Professional Photovoltaic Panel Manufacturer","description":"","publisher":{"@id":"https:\/\/www.maysunsolar.com\/es\/#organization"},"potentialAction":[{"@type":"SearchAction","target":{"@type":"EntryPoint","urlTemplate":"https:\/\/www.maysunsolar.com\/es\/?s={search_term_string}"},"query-input":{"@type":"PropertyValueSpecification","valueRequired":true,"valueName":"search_term_string"}}],"inLanguage":"es"},{"@type":"Organization","@id":"https:\/\/www.maysunsolar.com\/es\/#organization","name":"Maysun Solar","url":"https:\/\/www.maysunsolar.com\/es\/","logo":{"@type":"ImageObject","inLanguage":"es","@id":"https:\/\/www.maysunsolar.com\/es\/#\/schema\/logo\/image\/","url":"https:\/\/www.maysunsolar.com\/wp-content\/uploads\/2023\/12\/\u516c\u53f8logo\u900f\u660e\u5e95\u7f51\u7ad9\u5c0f\u5934\u50cf.png","contentUrl":"https:\/\/www.maysunsolar.com\/wp-content\/uploads\/2023\/12\/\u516c\u53f8logo\u900f\u660e\u5e95\u7f51\u7ad9\u5c0f\u5934\u50cf.png","width":200,"height":200,"caption":"Maysun Solar"},"image":{"@id":"https:\/\/www.maysunsolar.com\/es\/#\/schema\/logo\/image\/"}},{"@type":"Person","@id":"https:\/\/www.maysunsolar.com\/es\/#\/schema\/person\/fdfb4709ee9cc4cfa57e755ed9c1ae1a","name":"Brian","image":{"@type":"ImageObject","inLanguage":"es","@id":"https:\/\/secure.gravatar.com\/avatar\/a2fe047be8cceab00882eda5dba22bea5a6351a7d2906ff3bc7c5c9ede1c0f01?s=96&d=mm&r=g","url":"https:\/\/secure.gravatar.com\/avatar\/a2fe047be8cceab00882eda5dba22bea5a6351a7d2906ff3bc7c5c9ede1c0f01?s=96&d=mm&r=g","contentUrl":"https:\/\/secure.gravatar.com\/avatar\/a2fe047be8cceab00882eda5dba22bea5a6351a7d2906ff3bc7c5c9ede1c0f01?s=96&d=mm&r=g","caption":"Brian"},"description":"Content Marketing Specialist for the Photovoltaic Industry Dedicated to providing thought-provoking articles on the PV industry","sameAs":["http:\/\/wwww.maysunsolar.com","https:\/\/www.facebook.com\/Maysunsolarglobal\/","https:\/\/www.linkedin.com\/newsletters\/maysun-daily-7071768886148222976\/"],"url":"https:\/\/www.maysunsolar.com\/es\/author\/brian\/"}]}},"uagb_featured_image_src":{"full":["https:\/\/www.maysunsolar.com\/wp-content\/uploads\/2026\/03\/\u5c01\u9762-1.webp",1920,620,false],"thumbnail":["https:\/\/www.maysunsolar.com\/wp-content\/uploads\/2026\/03\/\u5c01\u9762-1-150x150.webp",150,150,true],"medium":["https:\/\/www.maysunsolar.com\/wp-content\/uploads\/2026\/03\/\u5c01\u9762-1-300x97.webp",300,97,true],"medium_large":["https:\/\/www.maysunsolar.com\/wp-content\/uploads\/2026\/03\/\u5c01\u9762-1-768x248.webp",768,248,true],"large":["https:\/\/www.maysunsolar.com\/wp-content\/uploads\/2026\/03\/\u5c01\u9762-1-1024x331.webp",1024,331,true],"1536x1536":["https:\/\/www.maysunsolar.com\/wp-content\/uploads\/2026\/03\/\u5c01\u9762-1-1536x496.webp",1536,496,true],"2048x2048":["https:\/\/www.maysunsolar.com\/wp-content\/uploads\/2026\/03\/\u5c01\u9762-1.webp",1920,620,false],"menu-24x24":["https:\/\/www.maysunsolar.com\/wp-content\/uploads\/2026\/03\/\u5c01\u9762-1-24x8.webp",24,8,true],"menu-36x36":["https:\/\/www.maysunsolar.com\/wp-content\/uploads\/2026\/03\/\u5c01\u9762-1-36x12.webp",36,12,true],"menu-48x48":["https:\/\/www.maysunsolar.com\/wp-content\/uploads\/2026\/03\/\u5c01\u9762-1-48x16.webp",48,16,true]},"uagb_author_info":{"display_name":"Brian","author_link":"https:\/\/www.maysunsolar.com\/es\/author\/brian\/"},"uagb_comment_info":0,"uagb_excerpt":"Los m\u00f3dulos solares pueden perder eficiencia con el paso del tiempo, pero los indicadores realmente importantes son la degradaci\u00f3n del primer a\u00f1o, la degradaci\u00f3n anual, el coeficiente de temperatura y la retenci\u00f3n de potencia a largo plazo. Este art\u00edculo explica brevemente por qu\u00e9 disminuye la eficiencia de los m\u00f3dulos, qu\u00e9 factores influyen en la velocidad&hellip;","_links":{"self":[{"href":"https:\/\/www.maysunsolar.com\/es\/wp-json\/wp\/v2\/posts\/72588","targetHints":{"allow":["GET"]}}],"collection":[{"href":"https:\/\/www.maysunsolar.com\/es\/wp-json\/wp\/v2\/posts"}],"about":[{"href":"https:\/\/www.maysunsolar.com\/es\/wp-json\/wp\/v2\/types\/post"}],"author":[{"embeddable":true,"href":"https:\/\/www.maysunsolar.com\/es\/wp-json\/wp\/v2\/users\/1"}],"replies":[{"embeddable":true,"href":"https:\/\/www.maysunsolar.com\/es\/wp-json\/wp\/v2\/comments?post=72588"}],"version-history":[{"count":5,"href":"https:\/\/www.maysunsolar.com\/es\/wp-json\/wp\/v2\/posts\/72588\/revisions"}],"predecessor-version":[{"id":72595,"href":"https:\/\/www.maysunsolar.com\/es\/wp-json\/wp\/v2\/posts\/72588\/revisions\/72595"}],"wp:featuredmedia":[{"embeddable":true,"href":"https:\/\/www.maysunsolar.com\/es\/wp-json\/wp\/v2\/media\/72578"}],"wp:attachment":[{"href":"https:\/\/www.maysunsolar.com\/es\/wp-json\/wp\/v2\/media?parent=72588"}],"wp:term":[{"taxonomy":"category","embeddable":true,"href":"https:\/\/www.maysunsolar.com\/es\/wp-json\/wp\/v2\/categories?post=72588"},{"taxonomy":"post_tag","embeddable":true,"href":"https:\/\/www.maysunsolar.com\/es\/wp-json\/wp\/v2\/tags?post=72588"}],"curies":[{"name":"wp","href":"https:\/\/api.w.org\/{rel}","templated":true}]}}